{"id":8432,"date":"2021-12-19T12:15:54","date_gmt":"2021-12-19T10:15:54","guid":{"rendered":"https:\/\/www.bastero.eus\/?p=8432"},"modified":"2021-12-19T12:16:25","modified_gmt":"2021-12-19T10:16:25","slug":"la-programacion-de-2022-arrancara-con-una-potente-oferta-musical-con-nombres-propios-como-kerobia-afrika-bibang-o-gontzal-mendibil","status":"publish","type":"post","link":"https:\/\/www.bastero.eus\/es\/la-programacion-de-2022-arrancara-con-una-potente-oferta-musical-con-nombres-propios-como-kerobia-afrika-bibang-o-gontzal-mendibil\/","title":{"rendered":"La programaci\u00f3n de 2022 arrancar\u00e1 con una potente oferta musical con nombres propios como Kerobia, Afrika Bibang o Gontzal Mendibil"},"content":{"rendered":"<h2><strong>Las y los m\u00e1s j\u00f3venes podr\u00e1n disfrutar del espect\u00e1culo de sus estrellas favoritas de la serie<i> GO!AZEN<\/i> en directo, o del nuevo espect\u00e1culo de <i>Pirritx, Porrotx eta Marimotos<\/i>.<span class=\"Apple-converted-space\">\u00a0<\/span><\/strong><\/h2>\n<h2><strong>El XVII. Festival de Piano volver\u00e1 a su habitual cita del 11 al 13 de febrero como principal punto de encuentro de las y los pianistas del territorio<\/strong><\/h2>\n<h2><strong>Las entradas se pondr\u00e1n en venta a el 3 de enero, y las personas socias de Bastero podr\u00e1n reservar sus entradas a partir del d\u00eda 27 de diciembre<\/strong><\/h2>\n<p>Andoain comenzar\u00e1 el a\u00f1o 2022 \u201ccon una importante oferta musical\u201d. As\u00ed lo ha calificado la concejala de educaci\u00f3n y cultura <b>Txitxu Ruiz<\/b>, que presentaba la programaci\u00f3n acompa\u00f1ada de la t\u00e9cnica de cultura <b>Laura Landa<\/b>. Seg\u00fan Ruiz, \u201cser\u00e1 \u00e9sta una programaci\u00f3n en la que se apuesta por ofrecer una amplia variedad en estilos musicales, desde el rock hasta el soul, que incluir\u00e1 el regreso a los escenarios de un grupo y una artista muy reconocidos en la escena musical vasca de la \u00faltima d\u00e9cada\u201d.<\/p>\n<p>Los navarros <b>Kerobia<\/b> reanudan andadura tras un peque\u00f1o par\u00e9ntesis y presentar\u00e1n su nuevo disco, <i>Hilak<\/i>, con cambios en los integrantes del grupo, pero con nuevas canciones fieles a su reconocido estilo y que, a buen seguro, volver\u00e1n a hacer las delicias de sus muchos seguidores. La cita ser\u00e1 el pr\u00f3ximo 18 de marzo en Bastero Kulturgunea.<\/p>\n<p>Otra artista que ha retomado los escenarios es <b>Afrika Bibang<\/b>. La cantante algortarra que se hizo muy conocida a comienzos de los a\u00f1os 2000 vuelve al directo, esta vez en clave de soul. Presentar\u00e1 el 4 de marzo su nuevo trabajo <i>Ispiluaren aurrean<\/i> con la que quiere invitar a \u201cmirarse a una misma\u201d, llena de fuerza y mucha energ\u00eda. Su imagen es precisamente la que ilustra la portada de la programaci\u00f3n.<\/p>\n<p>Una de las voces m\u00e1s conocidas y de mayor trayectoria entre las y los cantautores vascos vuelve a Andoain con una propuesta musical y po\u00e9tica muy especial. <b>Gontzal Mendibil<\/b> presentar\u00e1 el 25 de febrero su trabajo basado en los poemas espirituales de San Juan de la Cruz, <i>Neugan bizi gabe biziz<\/i>. El cantautor vizca\u00edno ha musicado algunos de los poemas traducidos al euskera por el carmelita Luis Baraiazarra y los presentar\u00e1 en directo con el acompa\u00f1amiento de lujo del Coro Easo. Los poemas y romances del religioso abulense han pasado al euskera manteniendo pr\u00e1cticamente la m\u00e9trica y rima original. El trabajo musical de Mendibil, por lo tanto, insufla nueva vida en euskera a una de las obras m\u00e1s importantes de la poes\u00eda m\u00edstica del Renacimiento.<\/p>\n<p>Completa la oferta musical el bertsolari <b>Jon Maia<\/b> que actualmente se encuentra celebrando su 30 aniversario como letrista (Kantu bat gara). Acompa\u00f1ado por un plantel musical de lujo, repasa para la ocasi\u00f3n las canciones escritas por \u00e9l a lo largo de estas tres d\u00e9cadas. Temas que ya son cl\u00e1sicos del cancionero vasco como<i> Itsasoari begira<\/i>, <i>Gora Herria<\/i>, <i>Non geratzen den denbora<\/i>.<span class=\"Apple-converted-space\">\u00a0<\/span><\/p>\n<p>La m\u00fasica de c\u00e1mara tambi\u00e9n tendr\u00e1 su hueco, con el ciclo Batura, que el 4 de febrero traer\u00e1 a Bastero al D\u00fao <b>Zanchetta-Somezi<\/b>, pianista y violinista, para interpretar un repertorio formado tanto por obras cl\u00e1sicas como por otras m\u00e1s modernas.<span class=\"Apple-converted-space\">\u00a0<\/span><\/p>\n<h3><b>Teatro, bailes y payasos<\/b><\/h3>\n<p>En cuanto a las y los txikis de Andoain, la diversi\u00f3n estar\u00e1 asegurada. El 29 de enero los populares payasos <b>Pirritx, Porrotx eta Marimotots<\/b> presentar\u00e1n su nuevo espect\u00e1culo <i>Kuikui<\/i>, protagonizado por un entra\u00f1able p\u00e1jaro y el euskera y su riqueza como centro del mensaje. Para los m\u00e1s mayores, la cita ser\u00e1 con el musical<i> <\/i><b><i>GO!AZEN 8.0<\/i>,<\/b> con la participaci\u00f3n de las y los protagonistas de la conocida serie de Euskal Telebista. En ambos casos se ha programado sesiones dobles, para que nadie quede sin su entrada. Tambi\u00e9n podr\u00e1n disfrutar del espect\u00e1culo mudo de t\u00edteres <b><i>Las peque\u00f1as cosas<\/i><\/b> el 6 de marzo al mediod\u00eda.<span class=\"Apple-converted-space\">\u00a0<\/span><\/p>\n<p>Tampoco faltar\u00e1n las citas con el teatro durante los meses que se avecinan. ATX Teatro se encuentra celebrando su d\u00e9cimo aniversario y traer\u00e1 a Andoain la obra <b><i>Lubaki kanoitsua<\/i><\/b> el 21 de enero, obra que enfrenta las diferentes perspectivas respecto a la vida entre diferentes generaciones, ambientada en una trinchera. El humor vendr\u00e1 de la mano de Txalo Produkzioak con <b><i>Lehendakari gaia<\/i><\/b> y los conocidos actores Iker Galartza y Zuhaitz Gurrutxaga. Galartza interpreta a un reci\u00e9n elegido lehendakari al que un grotesco tic repentino est\u00e1 apunto de arruinar su primer discurso, por lo que recurre a la ayuda de un psic\u00f3logo interpretado por Gurrutxaga. Finalmente, el 25 de marzo llegar\u00e1 el turno de la obra <b><i>Chicas y chicos<\/i><\/b> que trata sobre las derrotas y victorias de la vida de una mujer y los techos de cristal que ha tenido que superar. Esta \u00faltima actuaci\u00f3n estar\u00e1 enmarcada dentro de la programaci\u00f3n del 8 de marzo.<\/p>\n<h3><b>Festival de piano y exposiciones<\/b><\/h3>\n<p>El XVII. Festival de Piano volver\u00e1 a su habitual cita del 11 al 13 de febrero como principal punto de encuentro de las y los pianistas del territorio. La pasada edici\u00f3n demostraron que los eventos musicales pueden ser seguros, y este a\u00f1o pretenden crecer e ir recuperando todo su potencial.<\/p>\n<p>Trentxiki Argazki elkartea celebrar\u00e1 su d\u00e9cimo aniversario con una exposici\u00f3n muy especial: <b><i>Miszelanea-Trentxiki AE 10 urte<\/i><\/b>. Se podr\u00e1 visitar del 21 al 25 de enero para y dar\u00e1 el relevo a partir del 4 de marzo a la exposici\u00f3n <b><i>Luminiscentes<\/i><\/b> de la periodista Igone Mariezkurrena y la fot\u00f3grafa Irantzu Pastor; que recoge historias de mujeres que no tienen cabida en los discursos dominantes, as\u00ed como las violencias que han sido sometidas.<\/p>\n<h3><b>Entradas<\/b><\/h3>\n<p>Las entradas para el p\u00fablico general <b>se pondr\u00e1n a la venta el 3 de enero<\/b> (en ventanilla de Bastero y Kutxabank). Asimismo, las personas socias de Bastero Kulturgunea podr\u00e1n reservar sus entradas a partir del 27 de diciembre, de forma presencial y telef\u00f3nica, en horario habitual.<span class=\"Apple-converted-space\">\u00a0<\/span><\/p>\n","protected":false},"excerpt":{"rendered":"<p>La programaci\u00f3n de 2022 arrancar\u00e1 con una potente oferta musical con nombres propios como Kerobia, Afrika Bibang o Gontzal Mendibil<\/p>\n","protected":false},"author":2,"featured_media":8434,"comment_status":"open","ping_status":"open","sticky":false,"template":"","format":"standard","meta":{"_acf_changed":false,"_et_pb_use_builder":"","_et_pb_old_content":"","_et_gb_content_width":"","footnotes":""},"categories":[17],"tags":[],"class_list":["post-8432","post","type-post","status-publish","format-standard","has-post-thumbnail","hentry","category-cat-noticias"],"acf":[],"yoast_head":"<!-- This site is optimized with the Yoast SEO plugin v26.6 - https:\/\/yoast.com\/wordpress\/plugins\/seo\/ -->\n<title>La programaci\u00f3n de 2022 arrancar\u00e1 con una potente oferta musical con nombres propios como Kerobia, Afrika Bibang o Gontzal Mendibil - Bastero<\/title>\n<meta name=\"description\" content=\"La programaci\u00f3n de 2022 arrancar\u00e1 con una potente oferta musical con nombres propios como Kerobia, Afrika Bibang o Gontzal Mendibil\" \/>\n<meta name=\"robots\" content=\"index, follow, max-snippet:-1, max-image-preview:large, max-video-preview:-1\" \/>\n<link rel=\"canonical\" href=\"https:\/\/www.bastero.eus\/es\/la-programacion-de-2022-arrancara-con-una-potente-oferta-musical-con-nombres-propios-como-kerobia-afrika-bibang-o-gontzal-mendibil\/\" \/>\n<meta property=\"og:locale\" content=\"es_ES\" \/>\n<meta property=\"og:type\" content=\"article\" \/>\n<meta property=\"og:title\" content=\"La programaci\u00f3n de 2022 arrancar\u00e1 con una potente oferta musical con nombres propios como Kerobia, Afrika Bibang o Gontzal Mendibil - Bastero\" \/>\n<meta property=\"og:description\" content=\"La programaci\u00f3n de 2022 arrancar\u00e1 con una potente oferta musical con nombres propios como Kerobia, Afrika Bibang o Gontzal Mendibil\" \/>\n<meta property=\"og:url\" content=\"https:\/\/www.bastero.eus\/es\/la-programacion-de-2022-arrancara-con-una-potente-oferta-musical-con-nombres-propios-como-kerobia-afrika-bibang-o-gontzal-mendibil\/\" \/>\n<meta property=\"og:site_name\" content=\"Bastero\" \/>\n<meta property=\"article:publisher\" content=\"https:\/\/www.facebook.com\/BasteroAndoain\/\" \/>\n<meta property=\"article:published_time\" content=\"2021-12-19T10:15:54+00:00\" \/>\n<meta property=\"article:modified_time\" content=\"2021-12-19T10:16:25+00:00\" \/>\n<meta property=\"og:image\" content=\"https:\/\/www.bastero.eus\/wp-content\/uploads\/2021\/12\/programaziaren-aurkezpena-2476-3-scaled.jpg\" \/>\n\t<meta property=\"og:image:width\" content=\"2560\" \/>\n\t<meta property=\"og:image:height\" content=\"1707\" \/>\n\t<meta property=\"og:image:type\" content=\"image\/jpeg\" \/>\n<meta name=\"author\" content=\"bastero\" \/>\n<meta name=\"twitter:card\" content=\"summary_large_image\" \/>\n<meta name=\"twitter:creator\" content=\"@Bastero_Andoain\" \/>\n<meta name=\"twitter:site\" content=\"@Bastero_Andoain\" \/>\n<meta name=\"twitter:label1\" content=\"Escrito por\" \/>\n\t<meta name=\"twitter:data1\" content=\"bastero\" \/>\n\t<meta name=\"twitter:label2\" content=\"Tiempo de lectura\" \/>\n\t<meta name=\"twitter:data2\" content=\"5 minutos\" \/>\n<script type=\"application\/ld+json\" class=\"yoast-schema-graph\">{\"@context\":\"https:\/\/schema.org\",\"@graph\":[{\"@type\":\"Article\",\"@id\":\"https:\/\/www.bastero.eus\/es\/la-programacion-de-2022-arrancara-con-una-potente-oferta-musical-con-nombres-propios-como-kerobia-afrika-bibang-o-gontzal-mendibil\/#article\",\"isPartOf\":{\"@id\":\"https:\/\/www.bastero.eus\/es\/la-programacion-de-2022-arrancara-con-una-potente-oferta-musical-con-nombres-propios-como-kerobia-afrika-bibang-o-gontzal-mendibil\/\"},\"author\":{\"name\":\"bastero\",\"@id\":\"https:\/\/www.bastero.eus\/eu\/#\/schema\/person\/83714b0ddbbfa222235a48467a110fae\"},\"headline\":\"La programaci\u00f3n de 2022 arrancar\u00e1 con una potente oferta musical con nombres propios como Kerobia, Afrika Bibang o Gontzal Mendibil\",\"datePublished\":\"2021-12-19T10:15:54+00:00\",\"dateModified\":\"2021-12-19T10:16:25+00:00\",\"mainEntityOfPage\":{\"@id\":\"https:\/\/www.bastero.eus\/es\/la-programacion-de-2022-arrancara-con-una-potente-oferta-musical-con-nombres-propios-como-kerobia-afrika-bibang-o-gontzal-mendibil\/\"},\"wordCount\":1023,\"commentCount\":0,\"publisher\":{\"@id\":\"https:\/\/www.bastero.eus\/eu\/#organization\"},\"image\":{\"@id\":\"https:\/\/www.bastero.eus\/es\/la-programacion-de-2022-arrancara-con-una-potente-oferta-musical-con-nombres-propios-como-kerobia-afrika-bibang-o-gontzal-mendibil\/#primaryimage\"},\"thumbnailUrl\":\"https:\/\/www.bastero.eus\/wp-content\/uploads\/2021\/12\/programaziaren-aurkezpena-2476-3-scaled.jpg\",\"articleSection\":[\"Noticias\"],\"inLanguage\":\"es\",\"potentialAction\":[{\"@type\":\"CommentAction\",\"name\":\"Comment\",\"target\":[\"https:\/\/www.bastero.eus\/es\/la-programacion-de-2022-arrancara-con-una-potente-oferta-musical-con-nombres-propios-como-kerobia-afrika-bibang-o-gontzal-mendibil\/#respond\"]}]},{\"@type\":\"WebPage\",\"@id\":\"https:\/\/www.bastero.eus\/es\/la-programacion-de-2022-arrancara-con-una-potente-oferta-musical-con-nombres-propios-como-kerobia-afrika-bibang-o-gontzal-mendibil\/\",\"url\":\"https:\/\/www.bastero.eus\/es\/la-programacion-de-2022-arrancara-con-una-potente-oferta-musical-con-nombres-propios-como-kerobia-afrika-bibang-o-gontzal-mendibil\/\",\"name\":\"La programaci\u00f3n de 2022 arrancar\u00e1 con una potente oferta musical con nombres propios como Kerobia, Afrika Bibang o Gontzal Mendibil - Bastero\",\"isPartOf\":{\"@id\":\"https:\/\/www.bastero.eus\/eu\/#website\"},\"primaryImageOfPage\":{\"@id\":\"https:\/\/www.bastero.eus\/es\/la-programacion-de-2022-arrancara-con-una-potente-oferta-musical-con-nombres-propios-como-kerobia-afrika-bibang-o-gontzal-mendibil\/#primaryimage\"},\"image\":{\"@id\":\"https:\/\/www.bastero.eus\/es\/la-programacion-de-2022-arrancara-con-una-potente-oferta-musical-con-nombres-propios-como-kerobia-afrika-bibang-o-gontzal-mendibil\/#primaryimage\"},\"thumbnailUrl\":\"https:\/\/www.bastero.eus\/wp-content\/uploads\/2021\/12\/programaziaren-aurkezpena-2476-3-scaled.jpg\",\"datePublished\":\"2021-12-19T10:15:54+00:00\",\"dateModified\":\"2021-12-19T10:16:25+00:00\",\"description\":\"La programaci\u00f3n de 2022 arrancar\u00e1 con una potente oferta musical con nombres propios como Kerobia, Afrika Bibang o Gontzal Mendibil\",\"breadcrumb\":{\"@id\":\"https:\/\/www.bastero.eus\/es\/la-programacion-de-2022-arrancara-con-una-potente-oferta-musical-con-nombres-propios-como-kerobia-afrika-bibang-o-gontzal-mendibil\/#breadcrumb\"},\"inLanguage\":\"es\",\"potentialAction\":[{\"@type\":\"ReadAction\",\"target\":[\"https:\/\/www.bastero.eus\/es\/la-programacion-de-2022-arrancara-con-una-potente-oferta-musical-con-nombres-propios-como-kerobia-afrika-bibang-o-gontzal-mendibil\/\"]}]},{\"@type\":\"ImageObject\",\"inLanguage\":\"es\",\"@id\":\"https:\/\/www.bastero.eus\/es\/la-programacion-de-2022-arrancara-con-una-potente-oferta-musical-con-nombres-propios-como-kerobia-afrika-bibang-o-gontzal-mendibil\/#primaryimage\",\"url\":\"https:\/\/www.bastero.eus\/wp-content\/uploads\/2021\/12\/programaziaren-aurkezpena-2476-3-scaled.jpg\",\"contentUrl\":\"https:\/\/www.bastero.eus\/wp-content\/uploads\/2021\/12\/programaziaren-aurkezpena-2476-3-scaled.jpg\",\"width\":2560,\"height\":1707,\"caption\":\"programaziaren aurkezpena Andoain Bastero\"},{\"@type\":\"BreadcrumbList\",\"@id\":\"https:\/\/www.bastero.eus\/es\/la-programacion-de-2022-arrancara-con-una-potente-oferta-musical-con-nombres-propios-como-kerobia-afrika-bibang-o-gontzal-mendibil\/#breadcrumb\",\"itemListElement\":[{\"@type\":\"ListItem\",\"position\":1,\"name\":\"Portada\",\"item\":\"https:\/\/www.bastero.eus\/es\/\"},{\"@type\":\"ListItem\",\"position\":2,\"name\":\"La programaci\u00f3n de 2022 arrancar\u00e1 con una potente oferta musical con nombres propios como Kerobia, Afrika Bibang o Gontzal Mendibil\"}]},{\"@type\":\"WebSite\",\"@id\":\"https:\/\/www.bastero.eus\/eu\/#website\",\"url\":\"https:\/\/www.bastero.eus\/eu\/\",\"name\":\"Bastero Kulturgunea\",\"description\":\"Andoaingo kultur gunea\",\"publisher\":{\"@id\":\"https:\/\/www.bastero.eus\/eu\/#organization\"},\"potentialAction\":[{\"@type\":\"SearchAction\",\"target\":{\"@type\":\"EntryPoint\",\"urlTemplate\":\"https:\/\/www.bastero.eus\/eu\/?s={search_term_string}\"},\"query-input\":{\"@type\":\"PropertyValueSpecification\",\"valueRequired\":true,\"valueName\":\"search_term_string\"}}],\"inLanguage\":\"es\"},{\"@type\":\"Organization\",\"@id\":\"https:\/\/www.bastero.eus\/eu\/#organization\",\"name\":\"Bastero Kulturgunea\",\"url\":\"https:\/\/www.bastero.eus\/eu\/\",\"logo\":{\"@type\":\"ImageObject\",\"inLanguage\":\"es\",\"@id\":\"https:\/\/www.bastero.eus\/eu\/#\/schema\/logo\/image\/\",\"url\":\"https:\/\/www.bastero.eus\/wp-content\/uploads\/2017\/10\/bastero.jpg\",\"contentUrl\":\"https:\/\/www.bastero.eus\/wp-content\/uploads\/2017\/10\/bastero.jpg\",\"width\":350,\"height\":278,\"caption\":\"Bastero Kulturgunea\"},\"image\":{\"@id\":\"https:\/\/www.bastero.eus\/eu\/#\/schema\/logo\/image\/\"},\"sameAs\":[\"https:\/\/www.facebook.com\/BasteroAndoain\/\",\"https:\/\/x.com\/Bastero_Andoain\"]},{\"@type\":\"Person\",\"@id\":\"https:\/\/www.bastero.eus\/eu\/#\/schema\/person\/83714b0ddbbfa222235a48467a110fae\",\"name\":\"bastero\",\"image\":{\"@type\":\"ImageObject\",\"inLanguage\":\"es\",\"@id\":\"https:\/\/www.bastero.eus\/eu\/#\/schema\/person\/image\/\",\"url\":\"https:\/\/secure.gravatar.com\/avatar\/7b255d2762540c1f79e54222d0322f058be08b2b87be6ed7b91407b3ac9948c5?s=96&d=mm&r=g\",\"contentUrl\":\"https:\/\/secure.gravatar.com\/avatar\/7b255d2762540c1f79e54222d0322f058be08b2b87be6ed7b91407b3ac9948c5?s=96&d=mm&r=g\",\"caption\":\"bastero\"}}]}<\/script>\n<!-- \/ Yoast SEO plugin. -->","yoast_head_json":{"title":"La programaci\u00f3n de 2022 arrancar\u00e1 con una potente oferta musical con nombres propios como Kerobia, Afrika Bibang o Gontzal Mendibil - Bastero","description":"La programaci\u00f3n de 2022 arrancar\u00e1 con una potente oferta musical con nombres propios como Kerobia, Afrika Bibang o Gontzal Mendibil","robots":{"index":"index","follow":"follow","max-snippet":"max-snippet:-1","max-image-preview":"max-image-preview:large","max-video-preview":"max-video-preview:-1"},"canonical":"https:\/\/www.bastero.eus\/es\/la-programacion-de-2022-arrancara-con-una-potente-oferta-musical-con-nombres-propios-como-kerobia-afrika-bibang-o-gontzal-mendibil\/","og_locale":"es_ES","og_type":"article","og_title":"La programaci\u00f3n de 2022 arrancar\u00e1 con una potente oferta musical con nombres propios como Kerobia, Afrika Bibang o Gontzal Mendibil - Bastero","og_description":"La programaci\u00f3n de 2022 arrancar\u00e1 con una potente oferta musical con nombres propios como Kerobia, Afrika Bibang o Gontzal Mendibil","og_url":"https:\/\/www.bastero.eus\/es\/la-programacion-de-2022-arrancara-con-una-potente-oferta-musical-con-nombres-propios-como-kerobia-afrika-bibang-o-gontzal-mendibil\/","og_site_name":"Bastero","article_publisher":"https:\/\/www.facebook.com\/BasteroAndoain\/","article_published_time":"2021-12-19T10:15:54+00:00","article_modified_time":"2021-12-19T10:16:25+00:00","og_image":[{"width":2560,"height":1707,"url":"https:\/\/www.bastero.eus\/wp-content\/uploads\/2021\/12\/programaziaren-aurkezpena-2476-3-scaled.jpg","type":"image\/jpeg"}],"author":"bastero","twitter_card":"summary_large_image","twitter_creator":"@Bastero_Andoain","twitter_site":"@Bastero_Andoain","twitter_misc":{"Escrito por":"bastero","Tiempo de lectura":"5 minutos"},"schema":{"@context":"https:\/\/schema.org","@graph":[{"@type":"Article","@id":"https:\/\/www.bastero.eus\/es\/la-programacion-de-2022-arrancara-con-una-potente-oferta-musical-con-nombres-propios-como-kerobia-afrika-bibang-o-gontzal-mendibil\/#article","isPartOf":{"@id":"https:\/\/www.bastero.eus\/es\/la-programacion-de-2022-arrancara-con-una-potente-oferta-musical-con-nombres-propios-como-kerobia-afrika-bibang-o-gontzal-mendibil\/"},"author":{"name":"bastero","@id":"https:\/\/www.bastero.eus\/eu\/#\/schema\/person\/83714b0ddbbfa222235a48467a110fae"},"headline":"La programaci\u00f3n de 2022 arrancar\u00e1 con una potente oferta musical con nombres propios como Kerobia, Afrika Bibang o Gontzal Mendibil","datePublished":"2021-12-19T10:15:54+00:00","dateModified":"2021-12-19T10:16:25+00:00","mainEntityOfPage":{"@id":"https:\/\/www.bastero.eus\/es\/la-programacion-de-2022-arrancara-con-una-potente-oferta-musical-con-nombres-propios-como-kerobia-afrika-bibang-o-gontzal-mendibil\/"},"wordCount":1023,"commentCount":0,"publisher":{"@id":"https:\/\/www.bastero.eus\/eu\/#organization"},"image":{"@id":"https:\/\/www.bastero.eus\/es\/la-programacion-de-2022-arrancara-con-una-potente-oferta-musical-con-nombres-propios-como-kerobia-afrika-bibang-o-gontzal-mendibil\/#primaryimage"},"thumbnailUrl":"https:\/\/www.bastero.eus\/wp-content\/uploads\/2021\/12\/programaziaren-aurkezpena-2476-3-scaled.jpg","articleSection":["Noticias"],"inLanguage":"es","potentialAction":[{"@type":"CommentAction","name":"Comment","target":["https:\/\/www.bastero.eus\/es\/la-programacion-de-2022-arrancara-con-una-potente-oferta-musical-con-nombres-propios-como-kerobia-afrika-bibang-o-gontzal-mendibil\/#respond"]}]},{"@type":"WebPage","@id":"https:\/\/www.bastero.eus\/es\/la-programacion-de-2022-arrancara-con-una-potente-oferta-musical-con-nombres-propios-como-kerobia-afrika-bibang-o-gontzal-mendibil\/","url":"https:\/\/www.bastero.eus\/es\/la-programacion-de-2022-arrancara-con-una-potente-oferta-musical-con-nombres-propios-como-kerobia-afrika-bibang-o-gontzal-mendibil\/","name":"La programaci\u00f3n de 2022 arrancar\u00e1 con una potente oferta musical con nombres propios como Kerobia, Afrika Bibang o Gontzal Mendibil - Bastero","isPartOf":{"@id":"https:\/\/www.bastero.eus\/eu\/#website"},"primaryImageOfPage":{"@id":"https:\/\/www.bastero.eus\/es\/la-programacion-de-2022-arrancara-con-una-potente-oferta-musical-con-nombres-propios-como-kerobia-afrika-bibang-o-gontzal-mendibil\/#primaryimage"},"image":{"@id":"https:\/\/www.bastero.eus\/es\/la-programacion-de-2022-arrancara-con-una-potente-oferta-musical-con-nombres-propios-como-kerobia-afrika-bibang-o-gontzal-mendibil\/#primaryimage"},"thumbnailUrl":"https:\/\/www.bastero.eus\/wp-content\/uploads\/2021\/12\/programaziaren-aurkezpena-2476-3-scaled.jpg","datePublished":"2021-12-19T10:15:54+00:00","dateModified":"2021-12-19T10:16:25+00:00","description":"La programaci\u00f3n de 2022 arrancar\u00e1 con una potente oferta musical con nombres propios como Kerobia, Afrika Bibang o Gontzal Mendibil","breadcrumb":{"@id":"https:\/\/www.bastero.eus\/es\/la-programacion-de-2022-arrancara-con-una-potente-oferta-musical-con-nombres-propios-como-kerobia-afrika-bibang-o-gontzal-mendibil\/#breadcrumb"},"inLanguage":"es","potentialAction":[{"@type":"ReadAction","target":["https:\/\/www.bastero.eus\/es\/la-programacion-de-2022-arrancara-con-una-potente-oferta-musical-con-nombres-propios-como-kerobia-afrika-bibang-o-gontzal-mendibil\/"]}]},{"@type":"ImageObject","inLanguage":"es","@id":"https:\/\/www.bastero.eus\/es\/la-programacion-de-2022-arrancara-con-una-potente-oferta-musical-con-nombres-propios-como-kerobia-afrika-bibang-o-gontzal-mendibil\/#primaryimage","url":"https:\/\/www.bastero.eus\/wp-content\/uploads\/2021\/12\/programaziaren-aurkezpena-2476-3-scaled.jpg","contentUrl":"https:\/\/www.bastero.eus\/wp-content\/uploads\/2021\/12\/programaziaren-aurkezpena-2476-3-scaled.jpg","width":2560,"height":1707,"caption":"programaziaren aurkezpena Andoain Bastero"},{"@type":"BreadcrumbList","@id":"https:\/\/www.bastero.eus\/es\/la-programacion-de-2022-arrancara-con-una-potente-oferta-musical-con-nombres-propios-como-kerobia-afrika-bibang-o-gontzal-mendibil\/#breadcrumb","itemListElement":[{"@type":"ListItem","position":1,"name":"Portada","item":"https:\/\/www.bastero.eus\/es\/"},{"@type":"ListItem","position":2,"name":"La programaci\u00f3n de 2022 arrancar\u00e1 con una potente oferta musical con nombres propios como Kerobia, Afrika Bibang o Gontzal Mendibil"}]},{"@type":"WebSite","@id":"https:\/\/www.bastero.eus\/eu\/#website","url":"https:\/\/www.bastero.eus\/eu\/","name":"Bastero Kulturgunea","description":"Andoaingo kultur gunea","publisher":{"@id":"https:\/\/www.bastero.eus\/eu\/#organization"},"potentialAction":[{"@type":"SearchAction","target":{"@type":"EntryPoint","urlTemplate":"https:\/\/www.bastero.eus\/eu\/?s={search_term_string}"},"query-input":{"@type":"PropertyValueSpecification","valueRequired":true,"valueName":"search_term_string"}}],"inLanguage":"es"},{"@type":"Organization","@id":"https:\/\/www.bastero.eus\/eu\/#organization","name":"Bastero Kulturgunea","url":"https:\/\/www.bastero.eus\/eu\/","logo":{"@type":"ImageObject","inLanguage":"es","@id":"https:\/\/www.bastero.eus\/eu\/#\/schema\/logo\/image\/","url":"https:\/\/www.bastero.eus\/wp-content\/uploads\/2017\/10\/bastero.jpg","contentUrl":"https:\/\/www.bastero.eus\/wp-content\/uploads\/2017\/10\/bastero.jpg","width":350,"height":278,"caption":"Bastero Kulturgunea"},"image":{"@id":"https:\/\/www.bastero.eus\/eu\/#\/schema\/logo\/image\/"},"sameAs":["https:\/\/www.facebook.com\/BasteroAndoain\/","https:\/\/x.com\/Bastero_Andoain"]},{"@type":"Person","@id":"https:\/\/www.bastero.eus\/eu\/#\/schema\/person\/83714b0ddbbfa222235a48467a110fae","name":"bastero","image":{"@type":"ImageObject","inLanguage":"es","@id":"https:\/\/www.bastero.eus\/eu\/#\/schema\/person\/image\/","url":"https:\/\/secure.gravatar.com\/avatar\/7b255d2762540c1f79e54222d0322f058be08b2b87be6ed7b91407b3ac9948c5?s=96&d=mm&r=g","contentUrl":"https:\/\/secure.gravatar.com\/avatar\/7b255d2762540c1f79e54222d0322f058be08b2b87be6ed7b91407b3ac9948c5?s=96&d=mm&r=g","caption":"bastero"}}]}},"_links":{"self":[{"href":"https:\/\/www.bastero.eus\/es\/wp-json\/wp\/v2\/posts\/8432","targetHints":{"allow":["GET"]}}],"collection":[{"href":"https:\/\/www.bastero.eus\/es\/wp-json\/wp\/v2\/posts"}],"about":[{"href":"https:\/\/www.bastero.eus\/es\/wp-json\/wp\/v2\/types\/post"}],"author":[{"embeddable":true,"href":"https:\/\/www.bastero.eus\/es\/wp-json\/wp\/v2\/users\/2"}],"replies":[{"embeddable":true,"href":"https:\/\/www.bastero.eus\/es\/wp-json\/wp\/v2\/comments?post=8432"}],"version-history":[{"count":2,"href":"https:\/\/www.bastero.eus\/es\/wp-json\/wp\/v2\/posts\/8432\/revisions"}],"predecessor-version":[{"id":8437,"href":"https:\/\/www.bastero.eus\/es\/wp-json\/wp\/v2\/posts\/8432\/revisions\/8437"}],"wp:featuredmedia":[{"embeddable":true,"href":"https:\/\/www.bastero.eus\/es\/wp-json\/wp\/v2\/media\/8434"}],"wp:attachment":[{"href":"https:\/\/www.bastero.eus\/es\/wp-json\/wp\/v2\/media?parent=8432"}],"wp:term":[{"taxonomy":"category","embeddable":true,"href":"https:\/\/www.bastero.eus\/es\/wp-json\/wp\/v2\/categories?post=8432"},{"taxonomy":"post_tag","embeddable":true,"href":"https:\/\/www.bastero.eus\/es\/wp-json\/wp\/v2\/tags?post=8432"}],"curies":[{"name":"wp","href":"https:\/\/api.w.org\/{rel}","templated":true}]}}