{"id":8290,"date":"2021-12-01T22:43:55","date_gmt":"2021-12-01T20:43:55","guid":{"rendered":"https:\/\/www.bastero.eus\/?p=8290"},"modified":"2021-12-01T22:48:34","modified_gmt":"2021-12-01T20:48:34","slug":"nota-para-las-personas-socias","status":"publish","type":"post","link":"https:\/\/www.bastero.eus\/es\/nota-para-las-personas-socias\/","title":{"rendered":"Nota para las personas socias"},"content":{"rendered":"<p>Ante la evoluci\u00f3n epidemiol\u00f3gica de la COVID19 el LABI acordar\u00e1 este s\u00e1bado nuevas medidas de seguridad o recomendaciones. Por ello, el Departamento de Educaci\u00f3n y Cultura ha decidido retrasar al 7 de diciembre el d\u00eda fijado para la reserva de entradas para las actuaciones que se iban a celebrar en el centro cultural Bastero de la programaci\u00f3n navide\u00f1a de GABON GIROAN. La fecha de compra de las entradas generales se mantiene el 9 de diciembre.<\/p>\n<p>Por lo tanto, <strong>las personas socias de Bastero Kulturgunea podr\u00e1n reservar sus entradas el 7 de diciembre<\/strong> en este horario: ma\u00f1anas, 10:30 &#8211; 13:00 \/ Tarde, 16:30 \u2013 19:30<\/p>\n<p>Las reservas se pueden hacer por tel\u00e9fono y presencialmente en taquilla. Para reservar f\u00edsicamente se habilitar\u00e1 la taquilla de cine.<\/p>\n<p>&nbsp;<\/p>\n","protected":false},"excerpt":{"rendered":"<p>El Departamento de Educaci\u00f3n y Cultura ha decidido retrasar al 7 de diciembre el d\u00eda fijado para la reserva de entradas para las actuaciones que se iban a celebrar en el centro cultural Bastero de la programaci\u00f3n navide\u00f1a de GABON GIROAN.<\/p>\n","protected":false},"author":2,"featured_media":8293,"comment_status":"open","ping_status":"open","sticky":false,"template":"","format":"standard","meta":{"_acf_changed":false,"_et_pb_use_builder":"","_et_pb_old_content":"","_et_gb_content_width":"","footnotes":""},"categories":[17],"tags":[],"class_list":["post-8290","post","type-post","status-publish","format-standard","has-post-thumbnail","hentry","category-cat-noticias"],"acf":[],"yoast_head":"<!-- This site is optimized with the Yoast SEO plugin v26.6 - https:\/\/yoast.com\/wordpress\/plugins\/seo\/ -->\n<title>Nota para las personas socias - Bastero<\/title>\n<meta name=\"description\" content=\"El Departamento de Educaci\u00f3n y Cultura ha decidido retrasar al 7 de diciembre el d\u00eda fijado para la reserva de entradas para las actuaciones que se iban a celebrar en el centro cultural Bastero de la programaci\u00f3n navide\u00f1a de GABON GIROAN.\" \/>\n<meta name=\"robots\" content=\"index, follow, max-snippet:-1, max-image-preview:large, max-video-preview:-1\" \/>\n<link rel=\"canonical\" href=\"https:\/\/www.bastero.eus\/es\/nota-para-las-personas-socias\/\" \/>\n<meta property=\"og:locale\" content=\"es_ES\" \/>\n<meta property=\"og:type\" content=\"article\" \/>\n<meta property=\"og:title\" content=\"Nota para las personas socias - Bastero\" \/>\n<meta property=\"og:description\" content=\"El Departamento de Educaci\u00f3n y Cultura ha decidido retrasar al 7 de diciembre el d\u00eda fijado para la reserva de entradas para las actuaciones que se iban a celebrar en el centro cultural Bastero de la programaci\u00f3n navide\u00f1a de GABON GIROAN.\" \/>\n<meta property=\"og:url\" content=\"https:\/\/www.bastero.eus\/es\/nota-para-las-personas-socias\/\" \/>\n<meta property=\"og:site_name\" content=\"Bastero\" \/>\n<meta property=\"article:publisher\" content=\"https:\/\/www.facebook.com\/BasteroAndoain\/\" \/>\n<meta property=\"article:published_time\" content=\"2021-12-01T20:43:55+00:00\" \/>\n<meta property=\"article:modified_time\" content=\"2021-12-01T20:48:34+00:00\" \/>\n<meta property=\"og:image\" content=\"https:\/\/www.bastero.eus\/wp-content\/uploads\/2021\/12\/20210205-ANDOAIN-ETS-122-scaled.jpg\" \/>\n\t<meta property=\"og:image:width\" content=\"2560\" \/>\n\t<meta property=\"og:image:height\" content=\"1709\" \/>\n\t<meta property=\"og:image:type\" content=\"image\/jpeg\" \/>\n<meta name=\"author\" content=\"bastero\" \/>\n<meta name=\"twitter:card\" content=\"summary_large_image\" \/>\n<meta name=\"twitter:creator\" content=\"@Bastero_Andoain\" \/>\n<meta name=\"twitter:site\" content=\"@Bastero_Andoain\" \/>\n<meta name=\"twitter:label1\" content=\"Escrito por\" \/>\n\t<meta name=\"twitter:data1\" content=\"bastero\" \/>\n\t<meta name=\"twitter:label2\" content=\"Tiempo de lectura\" \/>\n\t<meta name=\"twitter:data2\" content=\"1 minuto\" \/>\n<script type=\"application\/ld+json\" class=\"yoast-schema-graph\">{\"@context\":\"https:\/\/schema.org\",\"@graph\":[{\"@type\":\"Article\",\"@id\":\"https:\/\/www.bastero.eus\/es\/nota-para-las-personas-socias\/#article\",\"isPartOf\":{\"@id\":\"https:\/\/www.bastero.eus\/es\/nota-para-las-personas-socias\/\"},\"author\":{\"name\":\"bastero\",\"@id\":\"https:\/\/www.bastero.eus\/eu\/#\/schema\/person\/83714b0ddbbfa222235a48467a110fae\"},\"headline\":\"Nota para las personas socias\",\"datePublished\":\"2021-12-01T20:43:55+00:00\",\"dateModified\":\"2021-12-01T20:48:34+00:00\",\"mainEntityOfPage\":{\"@id\":\"https:\/\/www.bastero.eus\/es\/nota-para-las-personas-socias\/\"},\"wordCount\":132,\"commentCount\":0,\"publisher\":{\"@id\":\"https:\/\/www.bastero.eus\/eu\/#organization\"},\"image\":{\"@id\":\"https:\/\/www.bastero.eus\/es\/nota-para-las-personas-socias\/#primaryimage\"},\"thumbnailUrl\":\"https:\/\/www.bastero.eus\/wp-content\/uploads\/2021\/12\/20210205-ANDOAIN-ETS-122-scaled.jpg\",\"articleSection\":[\"Noticias\"],\"inLanguage\":\"es\",\"potentialAction\":[{\"@type\":\"CommentAction\",\"name\":\"Comment\",\"target\":[\"https:\/\/www.bastero.eus\/es\/nota-para-las-personas-socias\/#respond\"]}]},{\"@type\":\"WebPage\",\"@id\":\"https:\/\/www.bastero.eus\/es\/nota-para-las-personas-socias\/\",\"url\":\"https:\/\/www.bastero.eus\/es\/nota-para-las-personas-socias\/\",\"name\":\"Nota para las personas socias - Bastero\",\"isPartOf\":{\"@id\":\"https:\/\/www.bastero.eus\/eu\/#website\"},\"primaryImageOfPage\":{\"@id\":\"https:\/\/www.bastero.eus\/es\/nota-para-las-personas-socias\/#primaryimage\"},\"image\":{\"@id\":\"https:\/\/www.bastero.eus\/es\/nota-para-las-personas-socias\/#primaryimage\"},\"thumbnailUrl\":\"https:\/\/www.bastero.eus\/wp-content\/uploads\/2021\/12\/20210205-ANDOAIN-ETS-122-scaled.jpg\",\"datePublished\":\"2021-12-01T20:43:55+00:00\",\"dateModified\":\"2021-12-01T20:48:34+00:00\",\"description\":\"El Departamento de Educaci\u00f3n y Cultura ha decidido retrasar al 7 de diciembre el d\u00eda fijado para la reserva de entradas para las actuaciones que se iban a celebrar en el centro cultural Bastero de la programaci\u00f3n navide\u00f1a de GABON GIROAN.\",\"breadcrumb\":{\"@id\":\"https:\/\/www.bastero.eus\/es\/nota-para-las-personas-socias\/#breadcrumb\"},\"inLanguage\":\"es\",\"potentialAction\":[{\"@type\":\"ReadAction\",\"target\":[\"https:\/\/www.bastero.eus\/es\/nota-para-las-personas-socias\/\"]}]},{\"@type\":\"ImageObject\",\"inLanguage\":\"es\",\"@id\":\"https:\/\/www.bastero.eus\/es\/nota-para-las-personas-socias\/#primaryimage\",\"url\":\"https:\/\/www.bastero.eus\/wp-content\/uploads\/2021\/12\/20210205-ANDOAIN-ETS-122-scaled.jpg\",\"contentUrl\":\"https:\/\/www.bastero.eus\/wp-content\/uploads\/2021\/12\/20210205-ANDOAIN-ETS-122-scaled.jpg\",\"width\":2560,\"height\":1709},{\"@type\":\"BreadcrumbList\",\"@id\":\"https:\/\/www.bastero.eus\/es\/nota-para-las-personas-socias\/#breadcrumb\",\"itemListElement\":[{\"@type\":\"ListItem\",\"position\":1,\"name\":\"Portada\",\"item\":\"https:\/\/www.bastero.eus\/es\/\"},{\"@type\":\"ListItem\",\"position\":2,\"name\":\"Nota para las personas socias\"}]},{\"@type\":\"WebSite\",\"@id\":\"https:\/\/www.bastero.eus\/eu\/#website\",\"url\":\"https:\/\/www.bastero.eus\/eu\/\",\"name\":\"Bastero Kulturgunea\",\"description\":\"Andoaingo kultur gunea\",\"publisher\":{\"@id\":\"https:\/\/www.bastero.eus\/eu\/#organization\"},\"potentialAction\":[{\"@type\":\"SearchAction\",\"target\":{\"@type\":\"EntryPoint\",\"urlTemplate\":\"https:\/\/www.bastero.eus\/eu\/?s={search_term_string}\"},\"query-input\":{\"@type\":\"PropertyValueSpecification\",\"valueRequired\":true,\"valueName\":\"search_term_string\"}}],\"inLanguage\":\"es\"},{\"@type\":\"Organization\",\"@id\":\"https:\/\/www.bastero.eus\/eu\/#organization\",\"name\":\"Bastero Kulturgunea\",\"url\":\"https:\/\/www.bastero.eus\/eu\/\",\"logo\":{\"@type\":\"ImageObject\",\"inLanguage\":\"es\",\"@id\":\"https:\/\/www.bastero.eus\/eu\/#\/schema\/logo\/image\/\",\"url\":\"https:\/\/www.bastero.eus\/wp-content\/uploads\/2017\/10\/bastero.jpg\",\"contentUrl\":\"https:\/\/www.bastero.eus\/wp-content\/uploads\/2017\/10\/bastero.jpg\",\"width\":350,\"height\":278,\"caption\":\"Bastero Kulturgunea\"},\"image\":{\"@id\":\"https:\/\/www.bastero.eus\/eu\/#\/schema\/logo\/image\/\"},\"sameAs\":[\"https:\/\/www.facebook.com\/BasteroAndoain\/\",\"https:\/\/x.com\/Bastero_Andoain\"]},{\"@type\":\"Person\",\"@id\":\"https:\/\/www.bastero.eus\/eu\/#\/schema\/person\/83714b0ddbbfa222235a48467a110fae\",\"name\":\"bastero\",\"image\":{\"@type\":\"ImageObject\",\"inLanguage\":\"es\",\"@id\":\"https:\/\/www.bastero.eus\/eu\/#\/schema\/person\/image\/\",\"url\":\"https:\/\/secure.gravatar.com\/avatar\/7b255d2762540c1f79e54222d0322f058be08b2b87be6ed7b91407b3ac9948c5?s=96&d=mm&r=g\",\"contentUrl\":\"https:\/\/secure.gravatar.com\/avatar\/7b255d2762540c1f79e54222d0322f058be08b2b87be6ed7b91407b3ac9948c5?s=96&d=mm&r=g\",\"caption\":\"bastero\"}}]}<\/script>\n<!-- \/ Yoast SEO plugin. -->","yoast_head_json":{"title":"Nota para las personas socias - Bastero","description":"El Departamento de Educaci\u00f3n y Cultura ha decidido retrasar al 7 de diciembre el d\u00eda fijado para la reserva de entradas para las actuaciones que se iban a celebrar en el centro cultural Bastero de la programaci\u00f3n navide\u00f1a de GABON GIROAN.","robots":{"index":"index","follow":"follow","max-snippet":"max-snippet:-1","max-image-preview":"max-image-preview:large","max-video-preview":"max-video-preview:-1"},"canonical":"https:\/\/www.bastero.eus\/es\/nota-para-las-personas-socias\/","og_locale":"es_ES","og_type":"article","og_title":"Nota para las personas socias - Bastero","og_description":"El Departamento de Educaci\u00f3n y Cultura ha decidido retrasar al 7 de diciembre el d\u00eda fijado para la reserva de entradas para las actuaciones que se iban a celebrar en el centro cultural Bastero de la programaci\u00f3n navide\u00f1a de GABON GIROAN.","og_url":"https:\/\/www.bastero.eus\/es\/nota-para-las-personas-socias\/","og_site_name":"Bastero","article_publisher":"https:\/\/www.facebook.com\/BasteroAndoain\/","article_published_time":"2021-12-01T20:43:55+00:00","article_modified_time":"2021-12-01T20:48:34+00:00","og_image":[{"width":2560,"height":1709,"url":"https:\/\/www.bastero.eus\/wp-content\/uploads\/2021\/12\/20210205-ANDOAIN-ETS-122-scaled.jpg","type":"image\/jpeg"}],"author":"bastero","twitter_card":"summary_large_image","twitter_creator":"@Bastero_Andoain","twitter_site":"@Bastero_Andoain","twitter_misc":{"Escrito por":"bastero","Tiempo de lectura":"1 minuto"},"schema":{"@context":"https:\/\/schema.org","@graph":[{"@type":"Article","@id":"https:\/\/www.bastero.eus\/es\/nota-para-las-personas-socias\/#article","isPartOf":{"@id":"https:\/\/www.bastero.eus\/es\/nota-para-las-personas-socias\/"},"author":{"name":"bastero","@id":"https:\/\/www.bastero.eus\/eu\/#\/schema\/person\/83714b0ddbbfa222235a48467a110fae"},"headline":"Nota para las personas socias","datePublished":"2021-12-01T20:43:55+00:00","dateModified":"2021-12-01T20:48:34+00:00","mainEntityOfPage":{"@id":"https:\/\/www.bastero.eus\/es\/nota-para-las-personas-socias\/"},"wordCount":132,"commentCount":0,"publisher":{"@id":"https:\/\/www.bastero.eus\/eu\/#organization"},"image":{"@id":"https:\/\/www.bastero.eus\/es\/nota-para-las-personas-socias\/#primaryimage"},"thumbnailUrl":"https:\/\/www.bastero.eus\/wp-content\/uploads\/2021\/12\/20210205-ANDOAIN-ETS-122-scaled.jpg","articleSection":["Noticias"],"inLanguage":"es","potentialAction":[{"@type":"CommentAction","name":"Comment","target":["https:\/\/www.bastero.eus\/es\/nota-para-las-personas-socias\/#respond"]}]},{"@type":"WebPage","@id":"https:\/\/www.bastero.eus\/es\/nota-para-las-personas-socias\/","url":"https:\/\/www.bastero.eus\/es\/nota-para-las-personas-socias\/","name":"Nota para las personas socias - Bastero","isPartOf":{"@id":"https:\/\/www.bastero.eus\/eu\/#website"},"primaryImageOfPage":{"@id":"https:\/\/www.bastero.eus\/es\/nota-para-las-personas-socias\/#primaryimage"},"image":{"@id":"https:\/\/www.bastero.eus\/es\/nota-para-las-personas-socias\/#primaryimage"},"thumbnailUrl":"https:\/\/www.bastero.eus\/wp-content\/uploads\/2021\/12\/20210205-ANDOAIN-ETS-122-scaled.jpg","datePublished":"2021-12-01T20:43:55+00:00","dateModified":"2021-12-01T20:48:34+00:00","description":"El Departamento de Educaci\u00f3n y Cultura ha decidido retrasar al 7 de diciembre el d\u00eda fijado para la reserva de entradas para las actuaciones que se iban a celebrar en el centro cultural Bastero de la programaci\u00f3n navide\u00f1a de GABON GIROAN.","breadcrumb":{"@id":"https:\/\/www.bastero.eus\/es\/nota-para-las-personas-socias\/#breadcrumb"},"inLanguage":"es","potentialAction":[{"@type":"ReadAction","target":["https:\/\/www.bastero.eus\/es\/nota-para-las-personas-socias\/"]}]},{"@type":"ImageObject","inLanguage":"es","@id":"https:\/\/www.bastero.eus\/es\/nota-para-las-personas-socias\/#primaryimage","url":"https:\/\/www.bastero.eus\/wp-content\/uploads\/2021\/12\/20210205-ANDOAIN-ETS-122-scaled.jpg","contentUrl":"https:\/\/www.bastero.eus\/wp-content\/uploads\/2021\/12\/20210205-ANDOAIN-ETS-122-scaled.jpg","width":2560,"height":1709},{"@type":"BreadcrumbList","@id":"https:\/\/www.bastero.eus\/es\/nota-para-las-personas-socias\/#breadcrumb","itemListElement":[{"@type":"ListItem","position":1,"name":"Portada","item":"https:\/\/www.bastero.eus\/es\/"},{"@type":"ListItem","position":2,"name":"Nota para las personas socias"}]},{"@type":"WebSite","@id":"https:\/\/www.bastero.eus\/eu\/#website","url":"https:\/\/www.bastero.eus\/eu\/","name":"Bastero Kulturgunea","description":"Andoaingo kultur gunea","publisher":{"@id":"https:\/\/www.bastero.eus\/eu\/#organization"},"potentialAction":[{"@type":"SearchAction","target":{"@type":"EntryPoint","urlTemplate":"https:\/\/www.bastero.eus\/eu\/?s={search_term_string}"},"query-input":{"@type":"PropertyValueSpecification","valueRequired":true,"valueName":"search_term_string"}}],"inLanguage":"es"},{"@type":"Organization","@id":"https:\/\/www.bastero.eus\/eu\/#organization","name":"Bastero Kulturgunea","url":"https:\/\/www.bastero.eus\/eu\/","logo":{"@type":"ImageObject","inLanguage":"es","@id":"https:\/\/www.bastero.eus\/eu\/#\/schema\/logo\/image\/","url":"https:\/\/www.bastero.eus\/wp-content\/uploads\/2017\/10\/bastero.jpg","contentUrl":"https:\/\/www.bastero.eus\/wp-content\/uploads\/2017\/10\/bastero.jpg","width":350,"height":278,"caption":"Bastero Kulturgunea"},"image":{"@id":"https:\/\/www.bastero.eus\/eu\/#\/schema\/logo\/image\/"},"sameAs":["https:\/\/www.facebook.com\/BasteroAndoain\/","https:\/\/x.com\/Bastero_Andoain"]},{"@type":"Person","@id":"https:\/\/www.bastero.eus\/eu\/#\/schema\/person\/83714b0ddbbfa222235a48467a110fae","name":"bastero","image":{"@type":"ImageObject","inLanguage":"es","@id":"https:\/\/www.bastero.eus\/eu\/#\/schema\/person\/image\/","url":"https:\/\/secure.gravatar.com\/avatar\/7b255d2762540c1f79e54222d0322f058be08b2b87be6ed7b91407b3ac9948c5?s=96&d=mm&r=g","contentUrl":"https:\/\/secure.gravatar.com\/avatar\/7b255d2762540c1f79e54222d0322f058be08b2b87be6ed7b91407b3ac9948c5?s=96&d=mm&r=g","caption":"bastero"}}]}},"_links":{"self":[{"href":"https:\/\/www.bastero.eus\/es\/wp-json\/wp\/v2\/posts\/8290","targetHints":{"allow":["GET"]}}],"collection":[{"href":"https:\/\/www.bastero.eus\/es\/wp-json\/wp\/v2\/posts"}],"about":[{"href":"https:\/\/www.bastero.eus\/es\/wp-json\/wp\/v2\/types\/post"}],"author":[{"embeddable":true,"href":"https:\/\/www.bastero.eus\/es\/wp-json\/wp\/v2\/users\/2"}],"replies":[{"embeddable":true,"href":"https:\/\/www.bastero.eus\/es\/wp-json\/wp\/v2\/comments?post=8290"}],"version-history":[{"count":1,"href":"https:\/\/www.bastero.eus\/es\/wp-json\/wp\/v2\/posts\/8290\/revisions"}],"predecessor-version":[{"id":8292,"href":"https:\/\/www.bastero.eus\/es\/wp-json\/wp\/v2\/posts\/8290\/revisions\/8292"}],"wp:featuredmedia":[{"embeddable":true,"href":"https:\/\/www.bastero.eus\/es\/wp-json\/wp\/v2\/media\/8293"}],"wp:attachment":[{"href":"https:\/\/www.bastero.eus\/es\/wp-json\/wp\/v2\/media?parent=8290"}],"wp:term":[{"taxonomy":"category","embeddable":true,"href":"https:\/\/www.bastero.eus\/es\/wp-json\/wp\/v2\/categories?post=8290"},{"taxonomy":"post_tag","embeddable":true,"href":"https:\/\/www.bastero.eus\/es\/wp-json\/wp\/v2\/tags?post=8290"}],"curies":[{"name":"wp","href":"https:\/\/api.w.org\/{rel}","templated":true}]}}