{"id":8041,"date":"2021-09-17T12:40:39","date_gmt":"2021-09-17T10:40:39","guid":{"rendered":"https:\/\/www.bastero.eus\/?p=8041"},"modified":"2021-09-17T12:41:15","modified_gmt":"2021-09-17T10:41:15","slug":"martin-ugalde-y-la-oferta-musical-protagonistas-de-la-programacion-cultural-de-otono","status":"publish","type":"post","link":"https:\/\/www.bastero.eus\/es\/martin-ugalde-y-la-oferta-musical-protagonistas-de-la-programacion-cultural-de-otono\/","title":{"rendered":"Martin Ugalde y la oferta musical, protagonistas de la programaci\u00f3n cultural de oto\u00f1o"},"content":{"rendered":"<h2><strong>Se cumplen 100 a\u00f1os del nacimiento de Martin Ugalde, al que se le dedicar\u00e1n diferentes iniciativas que coinciden con el 25\u00ba aniversario del concurso de relatos que lleva su nombre.<\/strong><\/h2>\n<h2><strong>El ciclo de Santa Cecilia, la actuaci\u00f3n especial de Sorotan Bele y la Banda de Andoain, el concierto de Kutxi Romero del grupo Marea o la cantante Chica Sobresalto pasar\u00e1n, entre otros, por el escenario de Bastero.<\/strong><\/h2>\n<p>El departamento de Educaci\u00f3n y Cultura de Andoain tiene preparado el programa cultural hasta diciembre. La concejala <strong>Txitxu Ruiz<\/strong> ha desvelado los detalles de la agenda, acompa\u00f1ada de <strong>Myriam Ulanga<\/strong>, directora de la Escuela Municipal de M\u00fasica, y <strong>Juan Mari Larrarte<\/strong>, representante de Martin Ugalde Kultur Parkea. Este oto\u00f1o, la m\u00fasica tendr\u00e1 especial relevancia con la jornada de Santa Cecilia; pese a que el protagonista principal ser\u00e1 Martin Ugalde, el hijo predilecto de la localidad, ya que se cumplen 100 a\u00f1os de su nacimiento (Andoain 1921 &#8211; Hondarribia 2004). De esta manera, se han organizado diversos actos y actividades en su honor. El nuevo programa se completar\u00e1 con artes esc\u00e9nicas, teatro y diversas actividades infantiles.<\/p>\n<p>El 11 de noviembre se cumplir\u00e1 el <strong>centenario del nacimiento de Martin Ugalde<\/strong> y como homenaje a la reconocida trayectoria se le dedicar\u00e1 una exposici\u00f3n a este escritor, periodista y euskaltzale de Andoain. El objetivo de la exposici\u00f3n es dar a conocer la vida y obra de Ugalde y estar\u00e1 dividida en cuatro secciones en las que se dar\u00e1n a conocer su trayectoria, se mostrar\u00e1 una proyecci\u00f3n de im\u00e1genes cedidas por ETB, libros escritos por Ugalde y otros tantos elementos. La exposici\u00f3n se inaugura el 5 de noviembre y se podr\u00e1 visitar hasta el 4 de diciembre en la sala de exposiciones de Bastero Kulturgunea en su horario habitual (lunes a viernes 18:30-20:00, s\u00e1bados 10:30-13:30 y 18:00-20:30). Para llevar a cabo esta exposici\u00f3n ha sido imprescindible la colaboraci\u00f3n de Martin Ugalde Kultur Parkea.<\/p>\n<p>Coincidiendo con las efem\u00e9rides relacionadas con el hijo predilecto del pueblo, <strong>el Concurso de Cuentos Martin Ugalde<\/strong> cumple este a\u00f1o su XXV. aniversario. El concurso de cuentos organizado por el Ayuntamiento de Andoain est\u00e1 dirigido a j\u00f3venes de entre 10 y 17 a\u00f1os. Para celebrar estos 25 a\u00f1os, la entrega de premios tendr\u00e1 lugar el mismo d\u00eda del nacimiento del escritor, el 11 de noviembre, a las 19:00 horas, en el auditorio de Bastero.<\/p>\n<p>La serie de actos de homenaje a Ugalde se completar\u00e1 con la pel\u00edcula <strong>Jainkoak ez dit barkatzen<\/strong>, que se proyectar\u00e1 el 17 de noviembre. El documental, que parte de una entrevista con el propio Ugalde, se proyectar\u00e1 a las 19:00 horas y, tras la proyecci\u00f3n, las y los asistentes tendr\u00e1n la oportunidad de participar en un coloquio con el director Josu Mart\u00ednez.<\/p>\n<p>&nbsp;<\/p>\n<h4><strong>M\u00fasica<\/strong><\/h4>\n<p>La programaci\u00f3n musical de oto\u00f1o contar\u00e1 con la habitual diversidad de estilos. As\u00ed, el 14 de octubre el cantante del popular grupo Marea, <strong>Kutxi Romero<\/strong>, actuar\u00e1 como solista en Bastero. Interpretar\u00e1 en formato ac\u00fastico las canciones popularizadas tanto en su trayectoria en solitario como con su banda y estar\u00e1 acompa\u00f1ado por los guitarristas Juanito Lorente y Pete.<\/p>\n<p>Del rock a pop, el 17 de diciembre la artista Chica Sobresalto ofrecer\u00e1 una atractiva propuesta en Andoain. <strong>Chica Sobresalto<\/strong> es el seud\u00f3nimo de la joven cantante navarra Maialen Gurbiondo. Se dio a conocer en el popular talent-show televisivo Operaci\u00f3n Triunfo y ahora est\u00e1 dando sus primeros pasos en el mundo de la m\u00fasica con sus propias composiciones y presentarnos las canciones que recoge en su disco de debut titulado <em>Sinapsis<\/em>.<\/p>\n<p>Dentro del ciclo Santa Cecilia se han organizado 3 conciertos. Entre todas ellas, una de las citas musicales m\u00e1s destacadas ser\u00e1 la actuaci\u00f3n <strong>Sorotan Bele Gogoan<\/strong>, que recuperar\u00e1 canciones del grupo de folk-pop vasco m\u00e1s conocido de los a\u00f1os 90. Junto a Gorka Sarriegi y Urbil Artola, que formaron parte del grupo, actuar\u00e1 la Banda de la Escuela Municipal de M\u00fasica de Andoain. Ser\u00e1 el 20 de noviembre en el auditorio de Bastero.<\/p>\n<p>Por su parte, el domingo 21 de noviembre, a mediod\u00eda, la Orquesta <em>Orthemis-Nova Orquesta Cambra Empord\u00e0<\/em> ofrecer\u00e1 un concierto humor\u00edstico con <strong>Concerto a tempo d &#8216;umore<\/strong>. La orquesta de cuerda catalana, compuesta por 12 int\u00e9rpretes, tocar\u00e1 piezas conocidas de Vivaldi, Bach, Beethoven o Strauss con un peculiar toque de humor, con el fin de ofrecer todos los p\u00fablicos la oportunidad de disfrutar de la m\u00fasica cl\u00e1sica.<\/p>\n<p><strong>Los coros de la Escuela Municipal de M\u00fasica de Andoain<\/strong> actuar\u00e1n el d\u00eda de Santa Cecilia, el 22 de noviembre, para culminar el d\u00eda de las personas m\u00fasicas. El Abesbatza Txiki de la Escuela, el coro joven y el coro de adultos ofrecer\u00e1n un variado programa bajo la direcci\u00f3n de Katrin Iturralde<\/p>\n<p>&nbsp;<\/p>\n<h4><strong>Artes esc\u00e9nicas<\/strong><\/h4>\n<p>En cuanto a las actuaciones de danza, las personas aficionadas podr\u00e1n disfrutar del espect\u00e1culo <strong>Amoria &amp; Dolore<\/strong> del grupo de danza <em>Kresala<\/em>. Tomando como fuente de inspiraci\u00f3n la vida del navegante Elcano, la vuelta al mundo y la m\u00fasica de la Edad de Oro, el grupo de danzas vascas ha ideado un espect\u00e1culo curioso y llamativo. <em>Amoria &amp; Dolore<\/em> se ofrecer\u00e1 el 22 de octubre en el Auditorio de Bastero.<\/p>\n<p>Asimismo, el 3 de diciembre, D\u00eda del Euskera, se podr\u00e1 ver el trabajo <strong>Garaiz 60 Tm<\/strong>. del grupo <em>Laboratorio MugMus<\/em>. Dos bailarines, dos m\u00fasicos y una escritora reflexionar\u00e1n sobre el paso del tiempo.<\/p>\n<p>Para terminar con las artes esc\u00e9nicas, destacan dos obras de teatro. Por un lado<em>, <\/em><strong>Gag movie<\/strong> de <em>Yllana<\/em> (8 de octubre). Este trabajo de comedia propone a los espectadores un recorrido por los episodios m\u00e1s conocidos de la historia del cine. El 12 de noviembre se representar\u00e1 la obra <strong>De Gernika a New York pasando por Berl\u00edn<\/strong>, inspirado en el viaje \u00e9pico del lehendakari Jos\u00e9 Antonio Agirre por la Europa ocupada.<\/p>\n<p><strong>\u00a0<\/strong><\/p>\n<h4><strong>Propuestas infantiles<\/strong><\/h4>\n<p>Las y los m\u00e1s peque\u00f1os de casa tambi\u00e9n tendr\u00e1n mucho que disfrutar en los pr\u00f3ximos meses con un programa especial. Por ejemplo, el 24 de octubre, con la peculiar obra <strong>Italino Grand Hotel<\/strong>, de la compa\u00f1\u00eda <em>La Tal<\/em>, con una historia en el lavadero de un hotel que proponer un divertido juego con lavadoras de ropa.<\/p>\n<p>El 28 de noviembre, los m\u00e1s peque\u00f1os recibir\u00e1n la visita de un personaje muy conocido: <strong>el ratoncito P\u00e9rez<\/strong>. El nuevo trabajo de la conocida compa\u00f1\u00eda <em>Glu Glu<\/em> pretende traer a la escena la historia \u00abaut\u00e9ntica\u00bb de esta leyenda muy conocida. Ser\u00e1 un programa lleno de bailes, canciones y humor.<\/p>\n<p>Para terminar, el 12 de diciembre el <em>Teatro Para\u00edso<\/em> traer\u00e1 a Andoain la obra <strong>Lehioak<\/strong>. Es una invitaci\u00f3n a conocer los procesos de creaci\u00f3n dirigida al p\u00fablico familiar: las im\u00e1genes que se ven desde la ventana nos animan a vivir con curiosidad o a satisfacerla.<\/p>\n<p>&nbsp;<\/p>\n<h4><strong>Amplia oferta expositiva<\/strong><\/h4>\n<p>La sala de exposiciones acoger\u00e1 el trabajo <strong>FORMAL FORMAL<\/strong>, una propuesta interdisciplinar dentro del programa <em>Harriak 2021<\/em>, del 1 al 30 de octubre, en horario habitual. El objetivo de esta exposici\u00f3n es explicar los procesos de trabajo en los que <strong>Ane Azkona, Sandra Cuesta, Jone Laspiur <\/strong>y<strong> Larraitz Torres<\/strong> relacionan el sonido con las artes pl\u00e1sticas, relacionando y moviendo las obras de la muestra a trav\u00e9s del sonido. Los textos han sido elaborados por <strong>I\u00f1igo G\u00f3mez, Itziar Guti\u00e9rrez <\/strong>y<strong> Ane Lekuona<\/strong>, y la mediaci\u00f3n por parte de <strong>Maite Alonso<\/strong>. Contar\u00e1n con la colaboraci\u00f3n del Instituto Leizaran, de ESCIVI y la Bertso Eskola Punttuka.<\/p>\n<p>A partir del 10 de diciembre se podr\u00e1 ver la obra <strong>GORRERI BISUALA<\/strong> de la artista <strong>Zaloa Ipi\u00f1a<\/strong>. Realiza lecturas visuales de los motivos hist\u00f3ricos que han llevado al euskera a una situaci\u00f3n de minorizaci\u00f3n actual, as\u00ed como de los aspectos sociales y socioling\u00fc\u00edsticos que pueden llevar a las lenguas a la muerte.<\/p>\n<p>&nbsp;<\/p>\n<h4><strong>Entradas<\/strong><\/h4>\n<p>Las entradas se pondr\u00e1n a la venta en Kutxabank y en taquilla de Bastero a partir del mi\u00e9rcoles <strong>29 de septiembre<\/strong>. La compra presencial se podr\u00e1 realizar de 10:30 a 13:30 horas por la ma\u00f1ana y de 16:30 a 19:30 por la tarde, como es habitual, en la recepci\u00f3n de entrada a Bastero. Las personas socias de Bastero, podr\u00e1n reservar sus entradas el 27 y 28 de septiembre. Txitxu Ruiz ha invitado a las y los andoaindarras a \u201cdisfrutar de la programaci\u00f3n de oto\u00f1o, hemos confeccionado una oferta atractiva, con aforos cada vez m\u00e1s amplios, para que la cultura sea el motor de la recuperaci\u00f3n y vuelta a la normalidad\u201d.<\/p>\n<p>&nbsp;<\/p>\n<p>&nbsp;<\/p>\n","protected":false},"excerpt":{"rendered":"<p>Se cumplen 100 a\u00f1os del nacimiento de Martin Ugalde, al que se le dedicar\u00e1n diferentes iniciativas que coinciden con el 25\u00ba aniversario del concurso de relatos que lleva su nombre.<\/p>\n","protected":false},"author":2,"featured_media":8043,"comment_status":"open","ping_status":"open","sticky":false,"template":"","format":"standard","meta":{"_acf_changed":false,"_et_pb_use_builder":"","_et_pb_old_content":"","_et_gb_content_width":"","footnotes":""},"categories":[17],"tags":[],"class_list":["post-8041","post","type-post","status-publish","format-standard","has-post-thumbnail","hentry","category-cat-noticias"],"acf":[],"yoast_head":"<!-- This site is optimized with the Yoast SEO plugin v26.6 - https:\/\/yoast.com\/wordpress\/plugins\/seo\/ -->\n<title>Martin Ugalde y la oferta musical, protagonistas de la programaci\u00f3n cultural de oto\u00f1o - Bastero<\/title>\n<meta name=\"description\" content=\"Se cumplen 100 a\u00f1os del nacimiento de Martin Ugalde, al que se le dedicar\u00e1n diferentes iniciativas que coinciden con el 25\u00ba aniversario del concurso de relatos que lleva su nombre.\" \/>\n<meta name=\"robots\" content=\"index, follow, max-snippet:-1, max-image-preview:large, max-video-preview:-1\" \/>\n<link rel=\"canonical\" href=\"https:\/\/www.bastero.eus\/es\/martin-ugalde-y-la-oferta-musical-protagonistas-de-la-programacion-cultural-de-otono\/\" \/>\n<meta property=\"og:locale\" content=\"es_ES\" \/>\n<meta property=\"og:type\" content=\"article\" \/>\n<meta property=\"og:title\" content=\"Martin Ugalde y la oferta musical, protagonistas de la programaci\u00f3n cultural de oto\u00f1o - Bastero\" \/>\n<meta property=\"og:description\" content=\"Se cumplen 100 a\u00f1os del nacimiento de Martin Ugalde, al que se le dedicar\u00e1n diferentes iniciativas que coinciden con el 25\u00ba aniversario del concurso de relatos que lleva su nombre.\" \/>\n<meta property=\"og:url\" content=\"https:\/\/www.bastero.eus\/es\/martin-ugalde-y-la-oferta-musical-protagonistas-de-la-programacion-cultural-de-otono\/\" \/>\n<meta property=\"og:site_name\" content=\"Bastero\" \/>\n<meta property=\"article:publisher\" content=\"https:\/\/www.facebook.com\/BasteroAndoain\/\" \/>\n<meta property=\"article:published_time\" content=\"2021-09-17T10:40:39+00:00\" \/>\n<meta property=\"article:modified_time\" content=\"2021-09-17T10:41:15+00:00\" \/>\n<meta property=\"og:image\" content=\"https:\/\/www.bastero.eus\/wp-content\/uploads\/2021\/09\/GERTUTIK-scaled.jpg\" \/>\n\t<meta property=\"og:image:width\" content=\"2560\" \/>\n\t<meta property=\"og:image:height\" content=\"1707\" \/>\n\t<meta property=\"og:image:type\" content=\"image\/jpeg\" \/>\n<meta name=\"author\" content=\"bastero\" \/>\n<meta name=\"twitter:card\" content=\"summary_large_image\" \/>\n<meta name=\"twitter:creator\" content=\"@Bastero_Andoain\" \/>\n<meta name=\"twitter:site\" content=\"@Bastero_Andoain\" \/>\n<meta name=\"twitter:label1\" content=\"Escrito por\" \/>\n\t<meta name=\"twitter:data1\" content=\"bastero\" \/>\n\t<meta name=\"twitter:label2\" content=\"Tiempo de lectura\" \/>\n\t<meta name=\"twitter:data2\" content=\"7 minutos\" \/>\n<script type=\"application\/ld+json\" class=\"yoast-schema-graph\">{\"@context\":\"https:\/\/schema.org\",\"@graph\":[{\"@type\":\"Article\",\"@id\":\"https:\/\/www.bastero.eus\/es\/martin-ugalde-y-la-oferta-musical-protagonistas-de-la-programacion-cultural-de-otono\/#article\",\"isPartOf\":{\"@id\":\"https:\/\/www.bastero.eus\/es\/martin-ugalde-y-la-oferta-musical-protagonistas-de-la-programacion-cultural-de-otono\/\"},\"author\":{\"name\":\"bastero\",\"@id\":\"https:\/\/www.bastero.eus\/eu\/#\/schema\/person\/83714b0ddbbfa222235a48467a110fae\"},\"headline\":\"Martin Ugalde y la oferta musical, protagonistas de la programaci\u00f3n cultural de oto\u00f1o\",\"datePublished\":\"2021-09-17T10:40:39+00:00\",\"dateModified\":\"2021-09-17T10:41:15+00:00\",\"mainEntityOfPage\":{\"@id\":\"https:\/\/www.bastero.eus\/es\/martin-ugalde-y-la-oferta-musical-protagonistas-de-la-programacion-cultural-de-otono\/\"},\"wordCount\":1456,\"commentCount\":0,\"publisher\":{\"@id\":\"https:\/\/www.bastero.eus\/eu\/#organization\"},\"image\":{\"@id\":\"https:\/\/www.bastero.eus\/es\/martin-ugalde-y-la-oferta-musical-protagonistas-de-la-programacion-cultural-de-otono\/#primaryimage\"},\"thumbnailUrl\":\"https:\/\/www.bastero.eus\/wp-content\/uploads\/2021\/09\/GERTUTIK-scaled.jpg\",\"articleSection\":[\"Noticias\"],\"inLanguage\":\"es\",\"potentialAction\":[{\"@type\":\"CommentAction\",\"name\":\"Comment\",\"target\":[\"https:\/\/www.bastero.eus\/es\/martin-ugalde-y-la-oferta-musical-protagonistas-de-la-programacion-cultural-de-otono\/#respond\"]}]},{\"@type\":\"WebPage\",\"@id\":\"https:\/\/www.bastero.eus\/es\/martin-ugalde-y-la-oferta-musical-protagonistas-de-la-programacion-cultural-de-otono\/\",\"url\":\"https:\/\/www.bastero.eus\/es\/martin-ugalde-y-la-oferta-musical-protagonistas-de-la-programacion-cultural-de-otono\/\",\"name\":\"Martin Ugalde y la oferta musical, protagonistas de la programaci\u00f3n cultural de oto\u00f1o - Bastero\",\"isPartOf\":{\"@id\":\"https:\/\/www.bastero.eus\/eu\/#website\"},\"primaryImageOfPage\":{\"@id\":\"https:\/\/www.bastero.eus\/es\/martin-ugalde-y-la-oferta-musical-protagonistas-de-la-programacion-cultural-de-otono\/#primaryimage\"},\"image\":{\"@id\":\"https:\/\/www.bastero.eus\/es\/martin-ugalde-y-la-oferta-musical-protagonistas-de-la-programacion-cultural-de-otono\/#primaryimage\"},\"thumbnailUrl\":\"https:\/\/www.bastero.eus\/wp-content\/uploads\/2021\/09\/GERTUTIK-scaled.jpg\",\"datePublished\":\"2021-09-17T10:40:39+00:00\",\"dateModified\":\"2021-09-17T10:41:15+00:00\",\"description\":\"Se cumplen 100 a\u00f1os del nacimiento de Martin Ugalde, al que se le dedicar\u00e1n diferentes iniciativas que coinciden con el 25\u00ba aniversario del concurso de relatos que lleva su nombre.\",\"breadcrumb\":{\"@id\":\"https:\/\/www.bastero.eus\/es\/martin-ugalde-y-la-oferta-musical-protagonistas-de-la-programacion-cultural-de-otono\/#breadcrumb\"},\"inLanguage\":\"es\",\"potentialAction\":[{\"@type\":\"ReadAction\",\"target\":[\"https:\/\/www.bastero.eus\/es\/martin-ugalde-y-la-oferta-musical-protagonistas-de-la-programacion-cultural-de-otono\/\"]}]},{\"@type\":\"ImageObject\",\"inLanguage\":\"es\",\"@id\":\"https:\/\/www.bastero.eus\/es\/martin-ugalde-y-la-oferta-musical-protagonistas-de-la-programacion-cultural-de-otono\/#primaryimage\",\"url\":\"https:\/\/www.bastero.eus\/wp-content\/uploads\/2021\/09\/GERTUTIK-scaled.jpg\",\"contentUrl\":\"https:\/\/www.bastero.eus\/wp-content\/uploads\/2021\/09\/GERTUTIK-scaled.jpg\",\"width\":2560,\"height\":1707,\"caption\":\"Argazkia:Dabid argindar\"},{\"@type\":\"BreadcrumbList\",\"@id\":\"https:\/\/www.bastero.eus\/es\/martin-ugalde-y-la-oferta-musical-protagonistas-de-la-programacion-cultural-de-otono\/#breadcrumb\",\"itemListElement\":[{\"@type\":\"ListItem\",\"position\":1,\"name\":\"Portada\",\"item\":\"https:\/\/www.bastero.eus\/es\/\"},{\"@type\":\"ListItem\",\"position\":2,\"name\":\"Martin Ugalde y la oferta musical, protagonistas de la programaci\u00f3n cultural de oto\u00f1o\"}]},{\"@type\":\"WebSite\",\"@id\":\"https:\/\/www.bastero.eus\/eu\/#website\",\"url\":\"https:\/\/www.bastero.eus\/eu\/\",\"name\":\"Bastero Kulturgunea\",\"description\":\"Andoaingo kultur gunea\",\"publisher\":{\"@id\":\"https:\/\/www.bastero.eus\/eu\/#organization\"},\"potentialAction\":[{\"@type\":\"SearchAction\",\"target\":{\"@type\":\"EntryPoint\",\"urlTemplate\":\"https:\/\/www.bastero.eus\/eu\/?s={search_term_string}\"},\"query-input\":{\"@type\":\"PropertyValueSpecification\",\"valueRequired\":true,\"valueName\":\"search_term_string\"}}],\"inLanguage\":\"es\"},{\"@type\":\"Organization\",\"@id\":\"https:\/\/www.bastero.eus\/eu\/#organization\",\"name\":\"Bastero Kulturgunea\",\"url\":\"https:\/\/www.bastero.eus\/eu\/\",\"logo\":{\"@type\":\"ImageObject\",\"inLanguage\":\"es\",\"@id\":\"https:\/\/www.bastero.eus\/eu\/#\/schema\/logo\/image\/\",\"url\":\"https:\/\/www.bastero.eus\/wp-content\/uploads\/2017\/10\/bastero.jpg\",\"contentUrl\":\"https:\/\/www.bastero.eus\/wp-content\/uploads\/2017\/10\/bastero.jpg\",\"width\":350,\"height\":278,\"caption\":\"Bastero Kulturgunea\"},\"image\":{\"@id\":\"https:\/\/www.bastero.eus\/eu\/#\/schema\/logo\/image\/\"},\"sameAs\":[\"https:\/\/www.facebook.com\/BasteroAndoain\/\",\"https:\/\/x.com\/Bastero_Andoain\"]},{\"@type\":\"Person\",\"@id\":\"https:\/\/www.bastero.eus\/eu\/#\/schema\/person\/83714b0ddbbfa222235a48467a110fae\",\"name\":\"bastero\",\"image\":{\"@type\":\"ImageObject\",\"inLanguage\":\"es\",\"@id\":\"https:\/\/www.bastero.eus\/eu\/#\/schema\/person\/image\/\",\"url\":\"https:\/\/secure.gravatar.com\/avatar\/7b255d2762540c1f79e54222d0322f058be08b2b87be6ed7b91407b3ac9948c5?s=96&d=mm&r=g\",\"contentUrl\":\"https:\/\/secure.gravatar.com\/avatar\/7b255d2762540c1f79e54222d0322f058be08b2b87be6ed7b91407b3ac9948c5?s=96&d=mm&r=g\",\"caption\":\"bastero\"}}]}<\/script>\n<!-- \/ Yoast SEO plugin. -->","yoast_head_json":{"title":"Martin Ugalde y la oferta musical, protagonistas de la programaci\u00f3n cultural de oto\u00f1o - Bastero","description":"Se cumplen 100 a\u00f1os del nacimiento de Martin Ugalde, al que se le dedicar\u00e1n diferentes iniciativas que coinciden con el 25\u00ba aniversario del concurso de relatos que lleva su nombre.","robots":{"index":"index","follow":"follow","max-snippet":"max-snippet:-1","max-image-preview":"max-image-preview:large","max-video-preview":"max-video-preview:-1"},"canonical":"https:\/\/www.bastero.eus\/es\/martin-ugalde-y-la-oferta-musical-protagonistas-de-la-programacion-cultural-de-otono\/","og_locale":"es_ES","og_type":"article","og_title":"Martin Ugalde y la oferta musical, protagonistas de la programaci\u00f3n cultural de oto\u00f1o - Bastero","og_description":"Se cumplen 100 a\u00f1os del nacimiento de Martin Ugalde, al que se le dedicar\u00e1n diferentes iniciativas que coinciden con el 25\u00ba aniversario del concurso de relatos que lleva su nombre.","og_url":"https:\/\/www.bastero.eus\/es\/martin-ugalde-y-la-oferta-musical-protagonistas-de-la-programacion-cultural-de-otono\/","og_site_name":"Bastero","article_publisher":"https:\/\/www.facebook.com\/BasteroAndoain\/","article_published_time":"2021-09-17T10:40:39+00:00","article_modified_time":"2021-09-17T10:41:15+00:00","og_image":[{"width":2560,"height":1707,"url":"https:\/\/www.bastero.eus\/wp-content\/uploads\/2021\/09\/GERTUTIK-scaled.jpg","type":"image\/jpeg"}],"author":"bastero","twitter_card":"summary_large_image","twitter_creator":"@Bastero_Andoain","twitter_site":"@Bastero_Andoain","twitter_misc":{"Escrito por":"bastero","Tiempo de lectura":"7 minutos"},"schema":{"@context":"https:\/\/schema.org","@graph":[{"@type":"Article","@id":"https:\/\/www.bastero.eus\/es\/martin-ugalde-y-la-oferta-musical-protagonistas-de-la-programacion-cultural-de-otono\/#article","isPartOf":{"@id":"https:\/\/www.bastero.eus\/es\/martin-ugalde-y-la-oferta-musical-protagonistas-de-la-programacion-cultural-de-otono\/"},"author":{"name":"bastero","@id":"https:\/\/www.bastero.eus\/eu\/#\/schema\/person\/83714b0ddbbfa222235a48467a110fae"},"headline":"Martin Ugalde y la oferta musical, protagonistas de la programaci\u00f3n cultural de oto\u00f1o","datePublished":"2021-09-17T10:40:39+00:00","dateModified":"2021-09-17T10:41:15+00:00","mainEntityOfPage":{"@id":"https:\/\/www.bastero.eus\/es\/martin-ugalde-y-la-oferta-musical-protagonistas-de-la-programacion-cultural-de-otono\/"},"wordCount":1456,"commentCount":0,"publisher":{"@id":"https:\/\/www.bastero.eus\/eu\/#organization"},"image":{"@id":"https:\/\/www.bastero.eus\/es\/martin-ugalde-y-la-oferta-musical-protagonistas-de-la-programacion-cultural-de-otono\/#primaryimage"},"thumbnailUrl":"https:\/\/www.bastero.eus\/wp-content\/uploads\/2021\/09\/GERTUTIK-scaled.jpg","articleSection":["Noticias"],"inLanguage":"es","potentialAction":[{"@type":"CommentAction","name":"Comment","target":["https:\/\/www.bastero.eus\/es\/martin-ugalde-y-la-oferta-musical-protagonistas-de-la-programacion-cultural-de-otono\/#respond"]}]},{"@type":"WebPage","@id":"https:\/\/www.bastero.eus\/es\/martin-ugalde-y-la-oferta-musical-protagonistas-de-la-programacion-cultural-de-otono\/","url":"https:\/\/www.bastero.eus\/es\/martin-ugalde-y-la-oferta-musical-protagonistas-de-la-programacion-cultural-de-otono\/","name":"Martin Ugalde y la oferta musical, protagonistas de la programaci\u00f3n cultural de oto\u00f1o - Bastero","isPartOf":{"@id":"https:\/\/www.bastero.eus\/eu\/#website"},"primaryImageOfPage":{"@id":"https:\/\/www.bastero.eus\/es\/martin-ugalde-y-la-oferta-musical-protagonistas-de-la-programacion-cultural-de-otono\/#primaryimage"},"image":{"@id":"https:\/\/www.bastero.eus\/es\/martin-ugalde-y-la-oferta-musical-protagonistas-de-la-programacion-cultural-de-otono\/#primaryimage"},"thumbnailUrl":"https:\/\/www.bastero.eus\/wp-content\/uploads\/2021\/09\/GERTUTIK-scaled.jpg","datePublished":"2021-09-17T10:40:39+00:00","dateModified":"2021-09-17T10:41:15+00:00","description":"Se cumplen 100 a\u00f1os del nacimiento de Martin Ugalde, al que se le dedicar\u00e1n diferentes iniciativas que coinciden con el 25\u00ba aniversario del concurso de relatos que lleva su nombre.","breadcrumb":{"@id":"https:\/\/www.bastero.eus\/es\/martin-ugalde-y-la-oferta-musical-protagonistas-de-la-programacion-cultural-de-otono\/#breadcrumb"},"inLanguage":"es","potentialAction":[{"@type":"ReadAction","target":["https:\/\/www.bastero.eus\/es\/martin-ugalde-y-la-oferta-musical-protagonistas-de-la-programacion-cultural-de-otono\/"]}]},{"@type":"ImageObject","inLanguage":"es","@id":"https:\/\/www.bastero.eus\/es\/martin-ugalde-y-la-oferta-musical-protagonistas-de-la-programacion-cultural-de-otono\/#primaryimage","url":"https:\/\/www.bastero.eus\/wp-content\/uploads\/2021\/09\/GERTUTIK-scaled.jpg","contentUrl":"https:\/\/www.bastero.eus\/wp-content\/uploads\/2021\/09\/GERTUTIK-scaled.jpg","width":2560,"height":1707,"caption":"Argazkia:Dabid argindar"},{"@type":"BreadcrumbList","@id":"https:\/\/www.bastero.eus\/es\/martin-ugalde-y-la-oferta-musical-protagonistas-de-la-programacion-cultural-de-otono\/#breadcrumb","itemListElement":[{"@type":"ListItem","position":1,"name":"Portada","item":"https:\/\/www.bastero.eus\/es\/"},{"@type":"ListItem","position":2,"name":"Martin Ugalde y la oferta musical, protagonistas de la programaci\u00f3n cultural de oto\u00f1o"}]},{"@type":"WebSite","@id":"https:\/\/www.bastero.eus\/eu\/#website","url":"https:\/\/www.bastero.eus\/eu\/","name":"Bastero Kulturgunea","description":"Andoaingo kultur gunea","publisher":{"@id":"https:\/\/www.bastero.eus\/eu\/#organization"},"potentialAction":[{"@type":"SearchAction","target":{"@type":"EntryPoint","urlTemplate":"https:\/\/www.bastero.eus\/eu\/?s={search_term_string}"},"query-input":{"@type":"PropertyValueSpecification","valueRequired":true,"valueName":"search_term_string"}}],"inLanguage":"es"},{"@type":"Organization","@id":"https:\/\/www.bastero.eus\/eu\/#organization","name":"Bastero Kulturgunea","url":"https:\/\/www.bastero.eus\/eu\/","logo":{"@type":"ImageObject","inLanguage":"es","@id":"https:\/\/www.bastero.eus\/eu\/#\/schema\/logo\/image\/","url":"https:\/\/www.bastero.eus\/wp-content\/uploads\/2017\/10\/bastero.jpg","contentUrl":"https:\/\/www.bastero.eus\/wp-content\/uploads\/2017\/10\/bastero.jpg","width":350,"height":278,"caption":"Bastero Kulturgunea"},"image":{"@id":"https:\/\/www.bastero.eus\/eu\/#\/schema\/logo\/image\/"},"sameAs":["https:\/\/www.facebook.com\/BasteroAndoain\/","https:\/\/x.com\/Bastero_Andoain"]},{"@type":"Person","@id":"https:\/\/www.bastero.eus\/eu\/#\/schema\/person\/83714b0ddbbfa222235a48467a110fae","name":"bastero","image":{"@type":"ImageObject","inLanguage":"es","@id":"https:\/\/www.bastero.eus\/eu\/#\/schema\/person\/image\/","url":"https:\/\/secure.gravatar.com\/avatar\/7b255d2762540c1f79e54222d0322f058be08b2b87be6ed7b91407b3ac9948c5?s=96&d=mm&r=g","contentUrl":"https:\/\/secure.gravatar.com\/avatar\/7b255d2762540c1f79e54222d0322f058be08b2b87be6ed7b91407b3ac9948c5?s=96&d=mm&r=g","caption":"bastero"}}]}},"_links":{"self":[{"href":"https:\/\/www.bastero.eus\/es\/wp-json\/wp\/v2\/posts\/8041","targetHints":{"allow":["GET"]}}],"collection":[{"href":"https:\/\/www.bastero.eus\/es\/wp-json\/wp\/v2\/posts"}],"about":[{"href":"https:\/\/www.bastero.eus\/es\/wp-json\/wp\/v2\/types\/post"}],"author":[{"embeddable":true,"href":"https:\/\/www.bastero.eus\/es\/wp-json\/wp\/v2\/users\/2"}],"replies":[{"embeddable":true,"href":"https:\/\/www.bastero.eus\/es\/wp-json\/wp\/v2\/comments?post=8041"}],"version-history":[{"count":2,"href":"https:\/\/www.bastero.eus\/es\/wp-json\/wp\/v2\/posts\/8041\/revisions"}],"predecessor-version":[{"id":8045,"href":"https:\/\/www.bastero.eus\/es\/wp-json\/wp\/v2\/posts\/8041\/revisions\/8045"}],"wp:featuredmedia":[{"embeddable":true,"href":"https:\/\/www.bastero.eus\/es\/wp-json\/wp\/v2\/media\/8043"}],"wp:attachment":[{"href":"https:\/\/www.bastero.eus\/es\/wp-json\/wp\/v2\/media?parent=8041"}],"wp:term":[{"taxonomy":"category","embeddable":true,"href":"https:\/\/www.bastero.eus\/es\/wp-json\/wp\/v2\/categories?post=8041"},{"taxonomy":"post_tag","embeddable":true,"href":"https:\/\/www.bastero.eus\/es\/wp-json\/wp\/v2\/tags?post=8041"}],"curies":[{"name":"wp","href":"https:\/\/api.w.org\/{rel}","templated":true}]}}