{"id":6315,"date":"2021-03-18T11:45:28","date_gmt":"2021-03-18T09:45:28","guid":{"rendered":"https:\/\/www.bastero.eus\/?p=6315"},"modified":"2021-03-21T23:09:19","modified_gmt":"2021-03-21T21:09:19","slug":"la-danza-protagoniza-la-programacion-de-primavera-de-bastero-que-redobla-su-apuesta-por-la-cultura-segura","status":"publish","type":"post","link":"https:\/\/www.bastero.eus\/es\/la-danza-protagoniza-la-programacion-de-primavera-de-bastero-que-redobla-su-apuesta-por-la-cultura-segura\/","title":{"rendered":"La danza protagoniza la programaci\u00f3n de primavera de Bastero, que redobla su apuesta por la cultura segura"},"content":{"rendered":"<div class=\"column\">\n<ul>\n<li>\n<h2>Regresa el m\u00edtico festival de rock de Andoain y se renuevan las jornadas dedicadas al circo Ikuszirkus.<\/h2>\n<\/li>\n<li>\n<h2>Destacan las actuaciones musicales de Kalakan o Skakeitan, la obra de teatro Sisiforen paperak, inspirada en el caso Egunkaria, o la actuaci\u00f3n infantil de Ene Kantak.<\/h2>\n<\/li>\n<li>\n<h2>La exposici\u00f3n dantza de Koldobika Jauregi, y las actuaciones de Kukai, Codice y Play completan una atractiva oferta de danza.<\/h2>\n<\/li>\n<\/ul>\n<p>El departamento de Cultura del Ayuntamiento de Andoain, ha presentado la programaci\u00f3n cultural para los meses de abril-mayo-junio, que incluye un ciclo especial de danza, el retorno del festival de rock, as\u00ed como sesiones espec\u00edficas de Ikuszirkus. La concejala de cultura Txitxu Ruiz, ha compartido los detalles de la agenda de primavera acompa\u00f1ada de la t\u00e9cnica del Ayuntamiento Iyuya Urrutia, el artista Koldobika Jauregi y el fot\u00f3grafo Juxe.<\/p>\n<p>Ruiz ha explicado que \u201cla an\u00f3mala situaci\u00f3n que estamos viviendo a causa del coronavirus, no ha hecho m\u00e1s que reafirmar nuestro convencimiento de que la cultura es un elemento imprescindible para el desarrollo individual y colectivo, que nos hace disfrutar compartiendo valores y convirti\u00e9ndonos en mejores personas\u201d.<\/p>\n<p>El Ayuntamiento de Andoain redobla as\u00ed su compromiso de \u201cseguir programando m\u00e1s cultura segura, ayudando a un sector que est\u00e1 pasando por momentos dif\u00edciles\u201d. Avalados adem\u00e1s por la respuesta del p\u00fablico, que \u201cest\u00e1 respondiendo de una forma muy proactiva\u201d, seg\u00fan ha explicado la concejala, haciendo un r\u00e1pido primer balance de la \u201cmagn\u00edfica acogida\u201d de las diferentes propuestas culturales que el departamento ha ido desarrollando a lo largo de los \u00faltimos meses y que en numerosas ocasiones se ha llegado hasta a agotar entradas. De esta manera, Txitxu Ruiz observa con satisfacci\u00f3n el respaldo a \u201cuna estrategia adoptada desde el comienzo de la pandemia que apostaba por una cultura en vivo con todas las garant\u00edas y toda la seguridad\u201d.<\/p>\n<p>La danza ocupar\u00e1 un lugar de relevancia esta primavera. Una exposici\u00f3n de <strong>Koldobika Jauregi<\/strong>, dar\u00e1 muestra de la investigaci\u00f3n y el desarrollo est\u00e9tico del universo art\u00edstico de la conocida pel\u00edcula de Telmo Esnal Dantza (del 31 de marzo al 30 de abril, en la sala de exposiciones de Bastero), que se completar\u00e1 con la exposici\u00f3n de los trajes de la tradicional Axeri dantza de Andoain y los de la Ezpata dantza que se baila el d\u00eda de Santa Cruz. Se ha establecido un horario especial para los d\u00edas de Semana Santa: del 1 al 5 de abril, horario de ma\u00f1ana de 10:30-13:30, del 6 al 9 en horario de tarde de 18:30 a 20:00. A partir del s\u00e1bado 10 de abril se recuperar\u00e1 el horario habitual.<\/p>\n<p>Esta exposici\u00f3n enmarcar\u00e1 un ciclo especifico de danza, en el que destaca la propuesta de la compa\u00f1\u00eda <strong>Kukai<\/strong> que recupera y actualiza Hnuy illa, espect\u00e1culo cuya puesta en escena original la hizo merecedora del Premio MAX al Espect\u00e1culo Revelaci\u00f3n, y que coincide este a\u00f1o con el 25 aniversario del libro de poes\u00eda de Joseba Sarrionandia (23 de abril) en el que se inspira el montaje. La compa\u00f1\u00eda <strong>Codice<\/strong> ofrecer\u00e1 Circle of trust &amp; logela multimedia, un espect\u00e1culo multidisciplinar que a\u00fana break dance, bboying y videoproyecciones (7 de mayo). Completa el ciclo el espect\u00e1culo familiar Aracaladanza de la compa\u00f1\u00eda madrile\u00f1a <strong>Play<\/strong> que tambi\u00e9n ha sido galardonado en los MAX de 2020 por su dise\u00f1o de vestuario e iluminaci\u00f3n (23 de mayo).<\/p>\n<p>&nbsp;<\/p>\n<div class=\"page\" title=\"Page 2\">\n<div class=\"layoutArea\">\n<div class=\"column\">\n<p>Durante el mes de mayo, la sala de exposiciones de Bastero acoger\u00e1 el trabajo de 4 artistas pl\u00e1sticos que han unido fuerzas en el proyecto <strong>Espazio Kuttunak<\/strong>, con el fin de difundir su obra y sus creaciones. A Iker Valle, Oaia Peruarena, Patxi Laskarai y Gonzalo Etxeberria les une el amor que desde j\u00f3venes le profesan al arte y a la creaci\u00f3n art\u00edstica (del 7 de mayo al 5 de junio).<\/p>\n<p>La programaci\u00f3n incluye del 26 al 29 de mayo, unas renovadas jornadas <strong>ikuszirkus<\/strong> dedicadas al circo, tras trasladar esta habitual cita navide\u00f1a a mayo. Contaremos con los espect\u00e1culos <strong>Express<\/strong> (Madrid), <strong>Koselig<\/strong> (Zaragoza), <strong>Akelarre<\/strong> (Euskal Herria) y <strong>Carill\u00f3<\/strong> (Catalu\u00f1a). M\u00e1s adelante se proporcionar\u00e1 informaci\u00f3n detallada de eventos.<\/p>\n<p>&nbsp;<\/p>\n<\/div>\n<\/div>\n<\/div>\n<\/div>\n<div class=\"page\" title=\"Page 2\">\n<div class=\"layoutArea\">\n<div class=\"column\">\n<h3>Regreso del Rock jaialdia<\/h3>\n<p>Por \u00faltimo, en junio regresar\u00e1 el m\u00edtico <strong>festival de Rock de Andoain<\/strong> con su 13a edici\u00f3n. En este caso, en una versi\u00f3n adaptada a las restricciones sanitarias y de aforo impuestas por la Covid-19, pero que sin duda ser\u00e1 un regreso con energ\u00edas renovadas. La fecha elegida para la cita es el s\u00e1bado 19 de junio.<\/p>\n<p>En este contexto, la sala de exposiciones acoger\u00e1 la muestra <strong>El festival de Rock de Andoain en im\u00e1genes<\/strong> con el material fotogr\u00e1fico recopilado en las diferentes ediciones por el artista Juxe (del 11 de junio al 3 de julio).<\/p>\n<p>&nbsp;<\/p>\n<h3>Oferta musical<\/h3>\n<p>En lo que respecta a la oferta musical, destacan nombres propios como el de la banda de percusi\u00f3n de Iparralde <b>Kalakan<\/b> que presentar\u00e1 su nuevo trabajo Artizarra, en el que estrenan nuevo sonido con melod\u00edas electr\u00f3nicas (16 de abril).<\/p>\n<p>La pianista <strong>Itsaso Sainz de la Maza<\/strong> ofrecer\u00e1 un concierto donde fusionar\u00e1n la m\u00fasica cl\u00e1sica y el jazz de la obra del autor Javier Gonz\u00e1lez Sarmiento, recientemente homenajeado en el festival de piano de Andoain (15 de mayo).<\/p>\n<p>Las y los m\u00e1s j\u00f3venes, podr\u00e1n disfrutar de la banda donostiarra <strong>Skakeitan<\/strong> que presentar\u00e1 su cuarto trabajo Nola galdu denbora, premiado en el 2020 por Gaztea como mejor disco del a\u00f1o, y que llegar\u00e1n a Bastero con un arrollador directo en el que no faltar\u00e1n conocidos temas del joven grupo, como por ejemplo Ezpainetan odola (21 de mayo).<\/p>\n<p>&nbsp;<\/p>\n<\/div>\n<\/div>\n<\/div>\n<div class=\"page\" title=\"Page 2\">\n<div class=\"layoutArea\">\n<div class=\"column\">\n<h3>Oferta de teatro, infantil y documentales<\/h3>\n<p>El fen\u00f3meno infantil <strong>Ene Kantak<\/strong> ofrecer\u00e1 una actuaci\u00f3n doble en Bastero. Tras hacerse virales en Youtube y en las plataformas multimedia con millones de visitas, actualmente han conseguido hacerse un hueco en ETB3 y llegar a los hogares de las y los m\u00e1s txikis de toda Euskadi. El grupo navarro ha sido recientemente nominado a los Premios Ricardo Arregi de 2020 por su proyecto comunicativo. Ofrecer\u00e1n una doble sesi\u00f3n para presentar en directo su trabajo Liluragarria, a las 12:00 y 16:00 (24 de abril).<\/p>\n<p>Bastero ofrecer\u00e1 <strong>Sisiforen paperak<\/strong>, obra inspirada en el caso egunkaria, precisamente en Andoain, municipio que fue testigo directo de los acontecimientos sucedidos el 20 de febrero de 2003 en Martin Ugalde Parkea. Tras pasar por plazas importantes como el Arriaga o el Victoria Eugenia, llega a Andoain una de las producciones de mayor envergadura realizadas en Euskadi en los \u00faltimos tiempos, con Harkaitz Cano como autor y bajo la direcci\u00f3n de Fernando Bernu\u00e9s, acompa\u00f1ado un reparto de actores muy extenso y conocido (14 de mayo).<\/p>\n<div class=\"page\" title=\"Page 3\">\n<div class=\"layoutArea\">\n<div class=\"column\">\n<p>Cierra la programaci\u00f3n de teatro <strong>Konpomisoa<\/strong> de Txalo Produkzioak en euskera, de la mano de Joseba Apaolaza, Ramon Agirre y Zuhaitz Gurrutxaga (4 de junio).<\/p>\n<p>Por \u00faltimo, se ha programado el documental de Josu Mart\u00ednez y Txaber Larreategi <strong>Caminho longe<\/strong>, proyectado en la 68 Edici\u00f3n de Festival de Cine de San Sebasti\u00e1n, sobre el ex militante de ETA Alfonso Etxegarai y su camino de regreso a casa tras d\u00e9cadas de exilio (22 de abril).<\/p>\n<p>&nbsp;<\/p>\n<div class=\"page\" title=\"Page 3\">\n<div class=\"layoutArea\">\n<div class=\"column\">\n<h3>Entradas<\/h3>\n<p>Las entradas se pondr\u00e1n a la venta en Kutxabank a partir del <strong>lunes 26 de marzo<\/strong>. Se recomienda adquirir las entradas de forma electr\u00f3nica para no tener que imprimirlas. No obstante, la compra presencial se podr\u00e1 realizar de 10:30 a 13:30 horas por la ma\u00f1ana y de 16:30 a 19:30 por la tarde, como es habitual, en la recepci\u00f3n de entrada a Bastero. El p\u00fablico en general podr\u00e1 hacerse con un m\u00e1ximo de 5 entradas por persona. Destacar que se ha incorporado el sistema de pago con tarjeta mediante dat\u00e1fono.<\/p>\n<p>Se recuerda a las personas socias, que en todos los espect\u00e1culos organizados por el Departamento de Cultura del Ayuntamiento, se les aplica un descuento del 25% y m\u00e1s ventajas como, entre otras, el sorteo de diferentes entradas para las actuaciones del ciclo de danza o la posibilidad de reservar <strong>entradas anticipadas el 24 y 25 de marzo<\/strong>.<\/p>\n<p>Con el fin de evitar aglomeraciones, los d\u00edas 24 y 25 de marzo (ma\u00f1ana y tarde) se repartir\u00e1n las entradas f\u00edsicas en la <strong>taquilla superior<\/strong> de Bastero (taquilla de cine). En la zona de recepci\u00f3n inferior, se ofrecer\u00e1 atenci\u00f3n telef\u00f3nica a socios y socias (943 303540). Las personas socias podr\u00e1n adquirir 2 entradas por persona.<\/p>\n<\/div>\n<\/div>\n<\/div>\n<\/div>\n<\/div>\n<\/div>\n<\/div>\n<\/div>\n<\/div>\n<p>&nbsp;<\/p>\n<div class=\"column\">\n<div class=\"page\" title=\"Page 2\">\n<div class=\"layoutArea\">\n<div class=\"page\" title=\"Page 2\">\n<div class=\"layoutArea\">\n<div class=\"column\">\n<div class=\"page\" title=\"Page 3\">\n<div class=\"layoutArea\">\n<div class=\"column\"><\/div>\n<\/div>\n<\/div>\n<\/div>\n<\/div>\n<\/div>\n<\/div>\n<\/div>\n<\/div>\n<div class=\"page\" title=\"Page 1\">\n<div class=\"layoutArea\">\n<div class=\"column\">\n<div class=\"page\" title=\"Page 1\">\n<div class=\"layoutArea\">\n<div class=\"column\"><\/div>\n<\/div>\n<\/div>\n<\/div>\n<\/div>\n<\/div>\n","protected":false},"excerpt":{"rendered":"<p>El departamento de Cultura del Ayuntamiento de Andoain, ha presentado la programaci\u00f3n cultural para los meses de abril-mayo-junio, que incluye un ciclo especial de danza, el retorno del festival de rock, as\u00ed como sesiones espec\u00edficas de Ikuszirkus.<\/p>\n","protected":false},"author":2,"featured_media":6278,"comment_status":"open","ping_status":"open","sticky":false,"template":"","format":"standard","meta":{"_acf_changed":false,"_et_pb_use_builder":"","_et_pb_old_content":"","_et_gb_content_width":"","footnotes":""},"categories":[17],"tags":[],"class_list":["post-6315","post","type-post","status-publish","format-standard","has-post-thumbnail","hentry","category-cat-noticias"],"acf":[],"yoast_head":"<!-- This site is optimized with the Yoast SEO plugin v26.6 - https:\/\/yoast.com\/wordpress\/plugins\/seo\/ -->\n<title>La danza protagoniza la programaci\u00f3n de primavera de Bastero, que redobla su apuesta por la cultura segura - Bastero<\/title>\n<meta name=\"description\" content=\"El departamento de Cultura del Ayuntamiento de Andoain, ha presentado la programaci\u00f3n cultural para los meses de abril-mayo-junio, que incluye un ciclo especial de danza, el retorno del festival de rock, as\u00ed como sesiones espec\u00edficas de Ikuszirkus.\" \/>\n<meta name=\"robots\" content=\"index, follow, max-snippet:-1, max-image-preview:large, max-video-preview:-1\" \/>\n<link rel=\"canonical\" href=\"https:\/\/www.bastero.eus\/es\/la-danza-protagoniza-la-programacion-de-primavera-de-bastero-que-redobla-su-apuesta-por-la-cultura-segura\/\" \/>\n<meta property=\"og:locale\" content=\"es_ES\" \/>\n<meta property=\"og:type\" content=\"article\" \/>\n<meta property=\"og:title\" content=\"La danza protagoniza la programaci\u00f3n de primavera de Bastero, que redobla su apuesta por la cultura segura - Bastero\" \/>\n<meta property=\"og:description\" content=\"El departamento de Cultura del Ayuntamiento de Andoain, ha presentado la programaci\u00f3n cultural para los meses de abril-mayo-junio, que incluye un ciclo especial de danza, el retorno del festival de rock, as\u00ed como sesiones espec\u00edficas de Ikuszirkus.\" \/>\n<meta property=\"og:url\" content=\"https:\/\/www.bastero.eus\/es\/la-danza-protagoniza-la-programacion-de-primavera-de-bastero-que-redobla-su-apuesta-por-la-cultura-segura\/\" \/>\n<meta property=\"og:site_name\" content=\"Bastero\" \/>\n<meta property=\"article:publisher\" content=\"https:\/\/www.facebook.com\/BasteroAndoain\/\" \/>\n<meta property=\"article:published_time\" content=\"2021-03-18T09:45:28+00:00\" \/>\n<meta property=\"article:modified_time\" content=\"2021-03-21T21:09:19+00:00\" \/>\n<meta property=\"og:image\" content=\"https:\/\/www.bastero.eus\/wp-content\/uploads\/2021\/03\/Programa-Bastero-Apirila-ekaina-min.jpg\" \/>\n\t<meta property=\"og:image:width\" content=\"2501\" \/>\n\t<meta property=\"og:image:height\" content=\"1417\" \/>\n\t<meta property=\"og:image:type\" content=\"image\/jpeg\" \/>\n<meta name=\"author\" content=\"bastero\" \/>\n<meta name=\"twitter:card\" content=\"summary_large_image\" \/>\n<meta name=\"twitter:creator\" content=\"@Bastero_Andoain\" \/>\n<meta name=\"twitter:site\" content=\"@Bastero_Andoain\" \/>\n<meta name=\"twitter:label1\" content=\"Escrito por\" \/>\n\t<meta name=\"twitter:data1\" content=\"bastero\" \/>\n\t<meta name=\"twitter:label2\" content=\"Tiempo de lectura\" \/>\n\t<meta name=\"twitter:data2\" content=\"7 minutos\" \/>\n<script type=\"application\/ld+json\" class=\"yoast-schema-graph\">{\"@context\":\"https:\/\/schema.org\",\"@graph\":[{\"@type\":\"Article\",\"@id\":\"https:\/\/www.bastero.eus\/es\/la-danza-protagoniza-la-programacion-de-primavera-de-bastero-que-redobla-su-apuesta-por-la-cultura-segura\/#article\",\"isPartOf\":{\"@id\":\"https:\/\/www.bastero.eus\/es\/la-danza-protagoniza-la-programacion-de-primavera-de-bastero-que-redobla-su-apuesta-por-la-cultura-segura\/\"},\"author\":{\"name\":\"bastero\",\"@id\":\"https:\/\/www.bastero.eus\/eu\/#\/schema\/person\/83714b0ddbbfa222235a48467a110fae\"},\"headline\":\"La danza protagoniza la programaci\u00f3n de primavera de Bastero, que redobla su apuesta por la cultura segura\",\"datePublished\":\"2021-03-18T09:45:28+00:00\",\"dateModified\":\"2021-03-21T21:09:19+00:00\",\"mainEntityOfPage\":{\"@id\":\"https:\/\/www.bastero.eus\/es\/la-danza-protagoniza-la-programacion-de-primavera-de-bastero-que-redobla-su-apuesta-por-la-cultura-segura\/\"},\"wordCount\":1428,\"commentCount\":0,\"publisher\":{\"@id\":\"https:\/\/www.bastero.eus\/eu\/#organization\"},\"image\":{\"@id\":\"https:\/\/www.bastero.eus\/es\/la-danza-protagoniza-la-programacion-de-primavera-de-bastero-que-redobla-su-apuesta-por-la-cultura-segura\/#primaryimage\"},\"thumbnailUrl\":\"https:\/\/www.bastero.eus\/wp-content\/uploads\/2021\/03\/Programa-Bastero-Apirila-ekaina-min.jpg\",\"articleSection\":[\"Noticias\"],\"inLanguage\":\"es\",\"potentialAction\":[{\"@type\":\"CommentAction\",\"name\":\"Comment\",\"target\":[\"https:\/\/www.bastero.eus\/es\/la-danza-protagoniza-la-programacion-de-primavera-de-bastero-que-redobla-su-apuesta-por-la-cultura-segura\/#respond\"]}]},{\"@type\":\"WebPage\",\"@id\":\"https:\/\/www.bastero.eus\/es\/la-danza-protagoniza-la-programacion-de-primavera-de-bastero-que-redobla-su-apuesta-por-la-cultura-segura\/\",\"url\":\"https:\/\/www.bastero.eus\/es\/la-danza-protagoniza-la-programacion-de-primavera-de-bastero-que-redobla-su-apuesta-por-la-cultura-segura\/\",\"name\":\"La danza protagoniza la programaci\u00f3n de primavera de Bastero, que redobla su apuesta por la cultura segura - Bastero\",\"isPartOf\":{\"@id\":\"https:\/\/www.bastero.eus\/eu\/#website\"},\"primaryImageOfPage\":{\"@id\":\"https:\/\/www.bastero.eus\/es\/la-danza-protagoniza-la-programacion-de-primavera-de-bastero-que-redobla-su-apuesta-por-la-cultura-segura\/#primaryimage\"},\"image\":{\"@id\":\"https:\/\/www.bastero.eus\/es\/la-danza-protagoniza-la-programacion-de-primavera-de-bastero-que-redobla-su-apuesta-por-la-cultura-segura\/#primaryimage\"},\"thumbnailUrl\":\"https:\/\/www.bastero.eus\/wp-content\/uploads\/2021\/03\/Programa-Bastero-Apirila-ekaina-min.jpg\",\"datePublished\":\"2021-03-18T09:45:28+00:00\",\"dateModified\":\"2021-03-21T21:09:19+00:00\",\"description\":\"El departamento de Cultura del Ayuntamiento de Andoain, ha presentado la programaci\u00f3n cultural para los meses de abril-mayo-junio, que incluye un ciclo especial de danza, el retorno del festival de rock, as\u00ed como sesiones espec\u00edficas de Ikuszirkus.\",\"breadcrumb\":{\"@id\":\"https:\/\/www.bastero.eus\/es\/la-danza-protagoniza-la-programacion-de-primavera-de-bastero-que-redobla-su-apuesta-por-la-cultura-segura\/#breadcrumb\"},\"inLanguage\":\"es\",\"potentialAction\":[{\"@type\":\"ReadAction\",\"target\":[\"https:\/\/www.bastero.eus\/es\/la-danza-protagoniza-la-programacion-de-primavera-de-bastero-que-redobla-su-apuesta-por-la-cultura-segura\/\"]}]},{\"@type\":\"ImageObject\",\"inLanguage\":\"es\",\"@id\":\"https:\/\/www.bastero.eus\/es\/la-danza-protagoniza-la-programacion-de-primavera-de-bastero-que-redobla-su-apuesta-por-la-cultura-segura\/#primaryimage\",\"url\":\"https:\/\/www.bastero.eus\/wp-content\/uploads\/2021\/03\/Programa-Bastero-Apirila-ekaina-min.jpg\",\"contentUrl\":\"https:\/\/www.bastero.eus\/wp-content\/uploads\/2021\/03\/Programa-Bastero-Apirila-ekaina-min.jpg\",\"width\":2501,\"height\":1417,\"caption\":\"Programa Bastero Apirila ekaina-min\"},{\"@type\":\"BreadcrumbList\",\"@id\":\"https:\/\/www.bastero.eus\/es\/la-danza-protagoniza-la-programacion-de-primavera-de-bastero-que-redobla-su-apuesta-por-la-cultura-segura\/#breadcrumb\",\"itemListElement\":[{\"@type\":\"ListItem\",\"position\":1,\"name\":\"Portada\",\"item\":\"https:\/\/www.bastero.eus\/es\/\"},{\"@type\":\"ListItem\",\"position\":2,\"name\":\"La danza protagoniza la programaci\u00f3n de primavera de Bastero, que redobla su apuesta por la cultura segura\"}]},{\"@type\":\"WebSite\",\"@id\":\"https:\/\/www.bastero.eus\/eu\/#website\",\"url\":\"https:\/\/www.bastero.eus\/eu\/\",\"name\":\"Bastero Kulturgunea\",\"description\":\"Andoaingo kultur gunea\",\"publisher\":{\"@id\":\"https:\/\/www.bastero.eus\/eu\/#organization\"},\"potentialAction\":[{\"@type\":\"SearchAction\",\"target\":{\"@type\":\"EntryPoint\",\"urlTemplate\":\"https:\/\/www.bastero.eus\/eu\/?s={search_term_string}\"},\"query-input\":{\"@type\":\"PropertyValueSpecification\",\"valueRequired\":true,\"valueName\":\"search_term_string\"}}],\"inLanguage\":\"es\"},{\"@type\":\"Organization\",\"@id\":\"https:\/\/www.bastero.eus\/eu\/#organization\",\"name\":\"Bastero Kulturgunea\",\"url\":\"https:\/\/www.bastero.eus\/eu\/\",\"logo\":{\"@type\":\"ImageObject\",\"inLanguage\":\"es\",\"@id\":\"https:\/\/www.bastero.eus\/eu\/#\/schema\/logo\/image\/\",\"url\":\"https:\/\/www.bastero.eus\/wp-content\/uploads\/2017\/10\/bastero.jpg\",\"contentUrl\":\"https:\/\/www.bastero.eus\/wp-content\/uploads\/2017\/10\/bastero.jpg\",\"width\":350,\"height\":278,\"caption\":\"Bastero Kulturgunea\"},\"image\":{\"@id\":\"https:\/\/www.bastero.eus\/eu\/#\/schema\/logo\/image\/\"},\"sameAs\":[\"https:\/\/www.facebook.com\/BasteroAndoain\/\",\"https:\/\/x.com\/Bastero_Andoain\"]},{\"@type\":\"Person\",\"@id\":\"https:\/\/www.bastero.eus\/eu\/#\/schema\/person\/83714b0ddbbfa222235a48467a110fae\",\"name\":\"bastero\",\"image\":{\"@type\":\"ImageObject\",\"inLanguage\":\"es\",\"@id\":\"https:\/\/www.bastero.eus\/eu\/#\/schema\/person\/image\/\",\"url\":\"https:\/\/secure.gravatar.com\/avatar\/7b255d2762540c1f79e54222d0322f058be08b2b87be6ed7b91407b3ac9948c5?s=96&d=mm&r=g\",\"contentUrl\":\"https:\/\/secure.gravatar.com\/avatar\/7b255d2762540c1f79e54222d0322f058be08b2b87be6ed7b91407b3ac9948c5?s=96&d=mm&r=g\",\"caption\":\"bastero\"}}]}<\/script>\n<!-- \/ Yoast SEO plugin. -->","yoast_head_json":{"title":"La danza protagoniza la programaci\u00f3n de primavera de Bastero, que redobla su apuesta por la cultura segura - Bastero","description":"El departamento de Cultura del Ayuntamiento de Andoain, ha presentado la programaci\u00f3n cultural para los meses de abril-mayo-junio, que incluye un ciclo especial de danza, el retorno del festival de rock, as\u00ed como sesiones espec\u00edficas de Ikuszirkus.","robots":{"index":"index","follow":"follow","max-snippet":"max-snippet:-1","max-image-preview":"max-image-preview:large","max-video-preview":"max-video-preview:-1"},"canonical":"https:\/\/www.bastero.eus\/es\/la-danza-protagoniza-la-programacion-de-primavera-de-bastero-que-redobla-su-apuesta-por-la-cultura-segura\/","og_locale":"es_ES","og_type":"article","og_title":"La danza protagoniza la programaci\u00f3n de primavera de Bastero, que redobla su apuesta por la cultura segura - Bastero","og_description":"El departamento de Cultura del Ayuntamiento de Andoain, ha presentado la programaci\u00f3n cultural para los meses de abril-mayo-junio, que incluye un ciclo especial de danza, el retorno del festival de rock, as\u00ed como sesiones espec\u00edficas de Ikuszirkus.","og_url":"https:\/\/www.bastero.eus\/es\/la-danza-protagoniza-la-programacion-de-primavera-de-bastero-que-redobla-su-apuesta-por-la-cultura-segura\/","og_site_name":"Bastero","article_publisher":"https:\/\/www.facebook.com\/BasteroAndoain\/","article_published_time":"2021-03-18T09:45:28+00:00","article_modified_time":"2021-03-21T21:09:19+00:00","og_image":[{"width":2501,"height":1417,"url":"https:\/\/www.bastero.eus\/wp-content\/uploads\/2021\/03\/Programa-Bastero-Apirila-ekaina-min.jpg","type":"image\/jpeg"}],"author":"bastero","twitter_card":"summary_large_image","twitter_creator":"@Bastero_Andoain","twitter_site":"@Bastero_Andoain","twitter_misc":{"Escrito por":"bastero","Tiempo de lectura":"7 minutos"},"schema":{"@context":"https:\/\/schema.org","@graph":[{"@type":"Article","@id":"https:\/\/www.bastero.eus\/es\/la-danza-protagoniza-la-programacion-de-primavera-de-bastero-que-redobla-su-apuesta-por-la-cultura-segura\/#article","isPartOf":{"@id":"https:\/\/www.bastero.eus\/es\/la-danza-protagoniza-la-programacion-de-primavera-de-bastero-que-redobla-su-apuesta-por-la-cultura-segura\/"},"author":{"name":"bastero","@id":"https:\/\/www.bastero.eus\/eu\/#\/schema\/person\/83714b0ddbbfa222235a48467a110fae"},"headline":"La danza protagoniza la programaci\u00f3n de primavera de Bastero, que redobla su apuesta por la cultura segura","datePublished":"2021-03-18T09:45:28+00:00","dateModified":"2021-03-21T21:09:19+00:00","mainEntityOfPage":{"@id":"https:\/\/www.bastero.eus\/es\/la-danza-protagoniza-la-programacion-de-primavera-de-bastero-que-redobla-su-apuesta-por-la-cultura-segura\/"},"wordCount":1428,"commentCount":0,"publisher":{"@id":"https:\/\/www.bastero.eus\/eu\/#organization"},"image":{"@id":"https:\/\/www.bastero.eus\/es\/la-danza-protagoniza-la-programacion-de-primavera-de-bastero-que-redobla-su-apuesta-por-la-cultura-segura\/#primaryimage"},"thumbnailUrl":"https:\/\/www.bastero.eus\/wp-content\/uploads\/2021\/03\/Programa-Bastero-Apirila-ekaina-min.jpg","articleSection":["Noticias"],"inLanguage":"es","potentialAction":[{"@type":"CommentAction","name":"Comment","target":["https:\/\/www.bastero.eus\/es\/la-danza-protagoniza-la-programacion-de-primavera-de-bastero-que-redobla-su-apuesta-por-la-cultura-segura\/#respond"]}]},{"@type":"WebPage","@id":"https:\/\/www.bastero.eus\/es\/la-danza-protagoniza-la-programacion-de-primavera-de-bastero-que-redobla-su-apuesta-por-la-cultura-segura\/","url":"https:\/\/www.bastero.eus\/es\/la-danza-protagoniza-la-programacion-de-primavera-de-bastero-que-redobla-su-apuesta-por-la-cultura-segura\/","name":"La danza protagoniza la programaci\u00f3n de primavera de Bastero, que redobla su apuesta por la cultura segura - Bastero","isPartOf":{"@id":"https:\/\/www.bastero.eus\/eu\/#website"},"primaryImageOfPage":{"@id":"https:\/\/www.bastero.eus\/es\/la-danza-protagoniza-la-programacion-de-primavera-de-bastero-que-redobla-su-apuesta-por-la-cultura-segura\/#primaryimage"},"image":{"@id":"https:\/\/www.bastero.eus\/es\/la-danza-protagoniza-la-programacion-de-primavera-de-bastero-que-redobla-su-apuesta-por-la-cultura-segura\/#primaryimage"},"thumbnailUrl":"https:\/\/www.bastero.eus\/wp-content\/uploads\/2021\/03\/Programa-Bastero-Apirila-ekaina-min.jpg","datePublished":"2021-03-18T09:45:28+00:00","dateModified":"2021-03-21T21:09:19+00:00","description":"El departamento de Cultura del Ayuntamiento de Andoain, ha presentado la programaci\u00f3n cultural para los meses de abril-mayo-junio, que incluye un ciclo especial de danza, el retorno del festival de rock, as\u00ed como sesiones espec\u00edficas de Ikuszirkus.","breadcrumb":{"@id":"https:\/\/www.bastero.eus\/es\/la-danza-protagoniza-la-programacion-de-primavera-de-bastero-que-redobla-su-apuesta-por-la-cultura-segura\/#breadcrumb"},"inLanguage":"es","potentialAction":[{"@type":"ReadAction","target":["https:\/\/www.bastero.eus\/es\/la-danza-protagoniza-la-programacion-de-primavera-de-bastero-que-redobla-su-apuesta-por-la-cultura-segura\/"]}]},{"@type":"ImageObject","inLanguage":"es","@id":"https:\/\/www.bastero.eus\/es\/la-danza-protagoniza-la-programacion-de-primavera-de-bastero-que-redobla-su-apuesta-por-la-cultura-segura\/#primaryimage","url":"https:\/\/www.bastero.eus\/wp-content\/uploads\/2021\/03\/Programa-Bastero-Apirila-ekaina-min.jpg","contentUrl":"https:\/\/www.bastero.eus\/wp-content\/uploads\/2021\/03\/Programa-Bastero-Apirila-ekaina-min.jpg","width":2501,"height":1417,"caption":"Programa Bastero Apirila ekaina-min"},{"@type":"BreadcrumbList","@id":"https:\/\/www.bastero.eus\/es\/la-danza-protagoniza-la-programacion-de-primavera-de-bastero-que-redobla-su-apuesta-por-la-cultura-segura\/#breadcrumb","itemListElement":[{"@type":"ListItem","position":1,"name":"Portada","item":"https:\/\/www.bastero.eus\/es\/"},{"@type":"ListItem","position":2,"name":"La danza protagoniza la programaci\u00f3n de primavera de Bastero, que redobla su apuesta por la cultura segura"}]},{"@type":"WebSite","@id":"https:\/\/www.bastero.eus\/eu\/#website","url":"https:\/\/www.bastero.eus\/eu\/","name":"Bastero Kulturgunea","description":"Andoaingo kultur gunea","publisher":{"@id":"https:\/\/www.bastero.eus\/eu\/#organization"},"potentialAction":[{"@type":"SearchAction","target":{"@type":"EntryPoint","urlTemplate":"https:\/\/www.bastero.eus\/eu\/?s={search_term_string}"},"query-input":{"@type":"PropertyValueSpecification","valueRequired":true,"valueName":"search_term_string"}}],"inLanguage":"es"},{"@type":"Organization","@id":"https:\/\/www.bastero.eus\/eu\/#organization","name":"Bastero Kulturgunea","url":"https:\/\/www.bastero.eus\/eu\/","logo":{"@type":"ImageObject","inLanguage":"es","@id":"https:\/\/www.bastero.eus\/eu\/#\/schema\/logo\/image\/","url":"https:\/\/www.bastero.eus\/wp-content\/uploads\/2017\/10\/bastero.jpg","contentUrl":"https:\/\/www.bastero.eus\/wp-content\/uploads\/2017\/10\/bastero.jpg","width":350,"height":278,"caption":"Bastero Kulturgunea"},"image":{"@id":"https:\/\/www.bastero.eus\/eu\/#\/schema\/logo\/image\/"},"sameAs":["https:\/\/www.facebook.com\/BasteroAndoain\/","https:\/\/x.com\/Bastero_Andoain"]},{"@type":"Person","@id":"https:\/\/www.bastero.eus\/eu\/#\/schema\/person\/83714b0ddbbfa222235a48467a110fae","name":"bastero","image":{"@type":"ImageObject","inLanguage":"es","@id":"https:\/\/www.bastero.eus\/eu\/#\/schema\/person\/image\/","url":"https:\/\/secure.gravatar.com\/avatar\/7b255d2762540c1f79e54222d0322f058be08b2b87be6ed7b91407b3ac9948c5?s=96&d=mm&r=g","contentUrl":"https:\/\/secure.gravatar.com\/avatar\/7b255d2762540c1f79e54222d0322f058be08b2b87be6ed7b91407b3ac9948c5?s=96&d=mm&r=g","caption":"bastero"}}]}},"_links":{"self":[{"href":"https:\/\/www.bastero.eus\/es\/wp-json\/wp\/v2\/posts\/6315","targetHints":{"allow":["GET"]}}],"collection":[{"href":"https:\/\/www.bastero.eus\/es\/wp-json\/wp\/v2\/posts"}],"about":[{"href":"https:\/\/www.bastero.eus\/es\/wp-json\/wp\/v2\/types\/post"}],"author":[{"embeddable":true,"href":"https:\/\/www.bastero.eus\/es\/wp-json\/wp\/v2\/users\/2"}],"replies":[{"embeddable":true,"href":"https:\/\/www.bastero.eus\/es\/wp-json\/wp\/v2\/comments?post=6315"}],"version-history":[{"count":10,"href":"https:\/\/www.bastero.eus\/es\/wp-json\/wp\/v2\/posts\/6315\/revisions"}],"predecessor-version":[{"id":6407,"href":"https:\/\/www.bastero.eus\/es\/wp-json\/wp\/v2\/posts\/6315\/revisions\/6407"}],"wp:featuredmedia":[{"embeddable":true,"href":"https:\/\/www.bastero.eus\/es\/wp-json\/wp\/v2\/media\/6278"}],"wp:attachment":[{"href":"https:\/\/www.bastero.eus\/es\/wp-json\/wp\/v2\/media?parent=6315"}],"wp:term":[{"taxonomy":"category","embeddable":true,"href":"https:\/\/www.bastero.eus\/es\/wp-json\/wp\/v2\/categories?post=6315"},{"taxonomy":"post_tag","embeddable":true,"href":"https:\/\/www.bastero.eus\/es\/wp-json\/wp\/v2\/tags?post=6315"}],"curies":[{"name":"wp","href":"https:\/\/api.w.org\/{rel}","templated":true}]}}