{"id":14611,"date":"2026-03-30T09:41:01","date_gmt":"2026-03-30T07:41:01","guid":{"rendered":"https:\/\/www.bastero.eus\/orratz-begia-andoaingo-haurrak-erbestean-erakusketa-martxoaren-27tik-apirilaren-30era-ikusgai\/"},"modified":"2026-03-30T09:46:04","modified_gmt":"2026-03-30T07:46:04","slug":"orratz-begia-andoaingo-haurrak-erbestean-erakusketa-martxoaren-27tik-apirilaren-30era-ikusgai","status":"publish","type":"post","link":"https:\/\/www.bastero.eus\/es\/orratz-begia-andoaingo-haurrak-erbestean-erakusketa-martxoaren-27tik-apirilaren-30era-ikusgai\/","title":{"rendered":"La exposici\u00f3n \u00abOrratz-Begia &#8211; Los ni\u00f1os de Andoain en el exilio\u00bb se exhibe del 27 de marzo al 30 de abril"},"content":{"rendered":"<p>La <strong>exposici\u00f3n \u00abOrratz-Begia Andoaingo haurrak exilio\u00bb<\/strong>, organizada por la asociaci\u00f3n Intxorta , El Archivo municipal de Andoain y el Departamento de Cultura, estar\u00e1 abierta <strong>del 27 de marzo al 30 de abril<\/strong> en el centro cultural Bastero, de lunes a viernes de 18:00 a 20:00 horas y los s\u00e1bados de 10:30 a 13:30 y de 18:00 a 20:30 horas.<\/p>\n<p>Esta exposici\u00f3n recoge las <strong>vivencias de varios andoaindarras que tuvieron que huir a causa de la guerra civil<\/strong>. Im\u00e1genes, cartas y otros objetos, adem\u00e1s del testimonio de ni\u00f1os y ni\u00f1as de Francia y Rusia, podr\u00e1n verse en la sala, en una exposici\u00f3n organizada conjuntamente por la asociaci\u00f3n Intxorta 1937 y el Ayuntamiento de Andoain (a cargo del departamento de Cultura y del Archivo municipal).<\/p>\n<p>En este sentido, <strong>el 14 de abril, a las 18:00 horas<\/strong>, se proyectar\u00e1 en el Auditorio de Bastero Kulturgunea otra nueva proyecci\u00f3n del <strong>documental \u00abAndoaingo haurrak erbestean\u00bb<\/strong>, dirigido por el Archivo Municipal en 2014 y que recoge el testimonio de varios andoaindarras exiliados. La entrada ser\u00e1 libre.<\/p>\n","protected":false},"excerpt":{"rendered":"<p>La exposici\u00f3n \u00abOrratz-Begia Andoaingo haurrak exilio\u00bb, organizada por la asociaci\u00f3n Intxorta , El Archivo municipal de Andoain y el Departamento de Cultura, estar\u00e1 abierta del 27 de marzo al 30 de abril en el centro cultural Bastero, de lunes a viernes de 18:00 a 20:00 horas y los s\u00e1bados de 10:30 a 13:30 y de [&hellip;]<\/p>\n","protected":false},"author":2,"featured_media":14606,"comment_status":"closed","ping_status":"closed","sticky":false,"template":"","format":"standard","meta":{"_acf_changed":false,"_et_pb_use_builder":"","_et_pb_old_content":"","_et_gb_content_width":"","footnotes":""},"categories":[17],"tags":[],"class_list":["post-14611","post","type-post","status-publish","format-standard","has-post-thumbnail","hentry","category-cat-noticias"],"acf":[],"yoast_head":"<!-- This site is optimized with the Yoast SEO plugin v26.6 - https:\/\/yoast.com\/wordpress\/plugins\/seo\/ -->\n<title>La exposici\u00f3n &quot;Orratz-Begia - Los ni\u00f1os de Andoain en el exilio&quot; se exhibe del 27 de marzo al 30 de abril - Bastero<\/title>\n<meta name=\"robots\" content=\"index, follow, max-snippet:-1, max-image-preview:large, max-video-preview:-1\" \/>\n<link rel=\"canonical\" href=\"https:\/\/www.bastero.eus\/es\/orratz-begia-andoaingo-haurrak-erbestean-erakusketa-martxoaren-27tik-apirilaren-30era-ikusgai\/\" \/>\n<meta property=\"og:locale\" content=\"es_ES\" \/>\n<meta property=\"og:type\" content=\"article\" \/>\n<meta property=\"og:title\" content=\"La exposici\u00f3n &quot;Orratz-Begia - Los ni\u00f1os de Andoain en el exilio&quot; se exhibe del 27 de marzo al 30 de abril - Bastero\" \/>\n<meta property=\"og:description\" content=\"La exposici\u00f3n \u00abOrratz-Begia Andoaingo haurrak exilio\u00bb, organizada por la asociaci\u00f3n Intxorta , El Archivo municipal de Andoain y el Departamento de Cultura, estar\u00e1 abierta del 27 de marzo al 30 de abril en el centro cultural Bastero, de lunes a viernes de 18:00 a 20:00 horas y los s\u00e1bados de 10:30 a 13:30 y de [&hellip;]\" \/>\n<meta property=\"og:url\" content=\"https:\/\/www.bastero.eus\/es\/orratz-begia-andoaingo-haurrak-erbestean-erakusketa-martxoaren-27tik-apirilaren-30era-ikusgai\/\" \/>\n<meta property=\"og:site_name\" content=\"Bastero\" \/>\n<meta property=\"article:publisher\" content=\"https:\/\/www.facebook.com\/BasteroAndoain\/\" \/>\n<meta property=\"article:published_time\" content=\"2026-03-30T07:41:01+00:00\" \/>\n<meta property=\"article:modified_time\" content=\"2026-03-30T07:46:04+00:00\" \/>\n<meta property=\"og:image\" content=\"https:\/\/www.bastero.eus\/wp-content\/uploads\/2026\/03\/Erakusketa-Orratz-begia-2979-22-scaled.jpg\" \/>\n\t<meta property=\"og:image:width\" content=\"2560\" \/>\n\t<meta property=\"og:image:height\" content=\"1703\" \/>\n\t<meta property=\"og:image:type\" content=\"image\/jpeg\" \/>\n<meta name=\"author\" content=\"bastero\" \/>\n<meta name=\"twitter:card\" content=\"summary_large_image\" \/>\n<meta name=\"twitter:creator\" content=\"@Bastero_Andoain\" \/>\n<meta name=\"twitter:site\" content=\"@Bastero_Andoain\" \/>\n<meta name=\"twitter:label1\" content=\"Escrito por\" \/>\n\t<meta name=\"twitter:data1\" content=\"bastero\" \/>\n\t<meta name=\"twitter:label2\" content=\"Tiempo de lectura\" \/>\n\t<meta name=\"twitter:data2\" content=\"1 minuto\" \/>\n<script type=\"application\/ld+json\" class=\"yoast-schema-graph\">{\"@context\":\"https:\/\/schema.org\",\"@graph\":[{\"@type\":\"Article\",\"@id\":\"https:\/\/www.bastero.eus\/es\/orratz-begia-andoaingo-haurrak-erbestean-erakusketa-martxoaren-27tik-apirilaren-30era-ikusgai\/#article\",\"isPartOf\":{\"@id\":\"https:\/\/www.bastero.eus\/es\/orratz-begia-andoaingo-haurrak-erbestean-erakusketa-martxoaren-27tik-apirilaren-30era-ikusgai\/\"},\"author\":{\"name\":\"bastero\",\"@id\":\"https:\/\/www.bastero.eus\/eu\/#\/schema\/person\/83714b0ddbbfa222235a48467a110fae\"},\"headline\":\"La exposici\u00f3n \u00abOrratz-Begia &#8211; Los ni\u00f1os de Andoain en el exilio\u00bb se exhibe del 27 de marzo al 30 de abril\",\"datePublished\":\"2026-03-30T07:41:01+00:00\",\"dateModified\":\"2026-03-30T07:46:04+00:00\",\"mainEntityOfPage\":{\"@id\":\"https:\/\/www.bastero.eus\/es\/orratz-begia-andoaingo-haurrak-erbestean-erakusketa-martxoaren-27tik-apirilaren-30era-ikusgai\/\"},\"wordCount\":190,\"publisher\":{\"@id\":\"https:\/\/www.bastero.eus\/eu\/#organization\"},\"image\":{\"@id\":\"https:\/\/www.bastero.eus\/es\/orratz-begia-andoaingo-haurrak-erbestean-erakusketa-martxoaren-27tik-apirilaren-30era-ikusgai\/#primaryimage\"},\"thumbnailUrl\":\"https:\/\/www.bastero.eus\/wp-content\/uploads\/2026\/03\/Erakusketa-Orratz-begia-2979-22-scaled.jpg\",\"articleSection\":[\"Noticias\"],\"inLanguage\":\"es\"},{\"@type\":\"WebPage\",\"@id\":\"https:\/\/www.bastero.eus\/es\/orratz-begia-andoaingo-haurrak-erbestean-erakusketa-martxoaren-27tik-apirilaren-30era-ikusgai\/\",\"url\":\"https:\/\/www.bastero.eus\/es\/orratz-begia-andoaingo-haurrak-erbestean-erakusketa-martxoaren-27tik-apirilaren-30era-ikusgai\/\",\"name\":\"La exposici\u00f3n \\\"Orratz-Begia - Los ni\u00f1os de Andoain en el exilio\\\" se exhibe del 27 de marzo al 30 de abril - Bastero\",\"isPartOf\":{\"@id\":\"https:\/\/www.bastero.eus\/eu\/#website\"},\"primaryImageOfPage\":{\"@id\":\"https:\/\/www.bastero.eus\/es\/orratz-begia-andoaingo-haurrak-erbestean-erakusketa-martxoaren-27tik-apirilaren-30era-ikusgai\/#primaryimage\"},\"image\":{\"@id\":\"https:\/\/www.bastero.eus\/es\/orratz-begia-andoaingo-haurrak-erbestean-erakusketa-martxoaren-27tik-apirilaren-30era-ikusgai\/#primaryimage\"},\"thumbnailUrl\":\"https:\/\/www.bastero.eus\/wp-content\/uploads\/2026\/03\/Erakusketa-Orratz-begia-2979-22-scaled.jpg\",\"datePublished\":\"2026-03-30T07:41:01+00:00\",\"dateModified\":\"2026-03-30T07:46:04+00:00\",\"breadcrumb\":{\"@id\":\"https:\/\/www.bastero.eus\/es\/orratz-begia-andoaingo-haurrak-erbestean-erakusketa-martxoaren-27tik-apirilaren-30era-ikusgai\/#breadcrumb\"},\"inLanguage\":\"es\",\"potentialAction\":[{\"@type\":\"ReadAction\",\"target\":[\"https:\/\/www.bastero.eus\/es\/orratz-begia-andoaingo-haurrak-erbestean-erakusketa-martxoaren-27tik-apirilaren-30era-ikusgai\/\"]}]},{\"@type\":\"ImageObject\",\"inLanguage\":\"es\",\"@id\":\"https:\/\/www.bastero.eus\/es\/orratz-begia-andoaingo-haurrak-erbestean-erakusketa-martxoaren-27tik-apirilaren-30era-ikusgai\/#primaryimage\",\"url\":\"https:\/\/www.bastero.eus\/wp-content\/uploads\/2026\/03\/Erakusketa-Orratz-begia-2979-22-scaled.jpg\",\"contentUrl\":\"https:\/\/www.bastero.eus\/wp-content\/uploads\/2026\/03\/Erakusketa-Orratz-begia-2979-22-scaled.jpg\",\"width\":2560,\"height\":1703,\"caption\":\"Erakusketa - Orratz begia , Andoain-en (Gipuzkoa-Euskal Herria) 2026\/3\/27 , Bastero Kulturgunea.\"},{\"@type\":\"BreadcrumbList\",\"@id\":\"https:\/\/www.bastero.eus\/es\/orratz-begia-andoaingo-haurrak-erbestean-erakusketa-martxoaren-27tik-apirilaren-30era-ikusgai\/#breadcrumb\",\"itemListElement\":[{\"@type\":\"ListItem\",\"position\":1,\"name\":\"Portada\",\"item\":\"https:\/\/www.bastero.eus\/es\/\"},{\"@type\":\"ListItem\",\"position\":2,\"name\":\"La exposici\u00f3n \u00abOrratz-Begia &#8211; Los ni\u00f1os de Andoain en el exilio\u00bb se exhibe del 27 de marzo al 30 de abril\"}]},{\"@type\":\"WebSite\",\"@id\":\"https:\/\/www.bastero.eus\/eu\/#website\",\"url\":\"https:\/\/www.bastero.eus\/eu\/\",\"name\":\"Bastero Kulturgunea\",\"description\":\"Andoaingo kultur gunea\",\"publisher\":{\"@id\":\"https:\/\/www.bastero.eus\/eu\/#organization\"},\"potentialAction\":[{\"@type\":\"SearchAction\",\"target\":{\"@type\":\"EntryPoint\",\"urlTemplate\":\"https:\/\/www.bastero.eus\/eu\/?s={search_term_string}\"},\"query-input\":{\"@type\":\"PropertyValueSpecification\",\"valueRequired\":true,\"valueName\":\"search_term_string\"}}],\"inLanguage\":\"es\"},{\"@type\":\"Organization\",\"@id\":\"https:\/\/www.bastero.eus\/eu\/#organization\",\"name\":\"Bastero Kulturgunea\",\"url\":\"https:\/\/www.bastero.eus\/eu\/\",\"logo\":{\"@type\":\"ImageObject\",\"inLanguage\":\"es\",\"@id\":\"https:\/\/www.bastero.eus\/eu\/#\/schema\/logo\/image\/\",\"url\":\"https:\/\/www.bastero.eus\/wp-content\/uploads\/2017\/10\/bastero.jpg\",\"contentUrl\":\"https:\/\/www.bastero.eus\/wp-content\/uploads\/2017\/10\/bastero.jpg\",\"width\":350,\"height\":278,\"caption\":\"Bastero Kulturgunea\"},\"image\":{\"@id\":\"https:\/\/www.bastero.eus\/eu\/#\/schema\/logo\/image\/\"},\"sameAs\":[\"https:\/\/www.facebook.com\/BasteroAndoain\/\",\"https:\/\/x.com\/Bastero_Andoain\"]},{\"@type\":\"Person\",\"@id\":\"https:\/\/www.bastero.eus\/eu\/#\/schema\/person\/83714b0ddbbfa222235a48467a110fae\",\"name\":\"bastero\",\"image\":{\"@type\":\"ImageObject\",\"inLanguage\":\"es\",\"@id\":\"https:\/\/www.bastero.eus\/eu\/#\/schema\/person\/image\/\",\"url\":\"https:\/\/secure.gravatar.com\/avatar\/7b255d2762540c1f79e54222d0322f058be08b2b87be6ed7b91407b3ac9948c5?s=96&d=mm&r=g\",\"contentUrl\":\"https:\/\/secure.gravatar.com\/avatar\/7b255d2762540c1f79e54222d0322f058be08b2b87be6ed7b91407b3ac9948c5?s=96&d=mm&r=g\",\"caption\":\"bastero\"}}]}<\/script>\n<!-- \/ Yoast SEO plugin. -->","yoast_head_json":{"title":"La exposici\u00f3n \"Orratz-Begia - Los ni\u00f1os de Andoain en el exilio\" se exhibe del 27 de marzo al 30 de abril - Bastero","robots":{"index":"index","follow":"follow","max-snippet":"max-snippet:-1","max-image-preview":"max-image-preview:large","max-video-preview":"max-video-preview:-1"},"canonical":"https:\/\/www.bastero.eus\/es\/orratz-begia-andoaingo-haurrak-erbestean-erakusketa-martxoaren-27tik-apirilaren-30era-ikusgai\/","og_locale":"es_ES","og_type":"article","og_title":"La exposici\u00f3n \"Orratz-Begia - Los ni\u00f1os de Andoain en el exilio\" se exhibe del 27 de marzo al 30 de abril - Bastero","og_description":"La exposici\u00f3n \u00abOrratz-Begia Andoaingo haurrak exilio\u00bb, organizada por la asociaci\u00f3n Intxorta , El Archivo municipal de Andoain y el Departamento de Cultura, estar\u00e1 abierta del 27 de marzo al 30 de abril en el centro cultural Bastero, de lunes a viernes de 18:00 a 20:00 horas y los s\u00e1bados de 10:30 a 13:30 y de [&hellip;]","og_url":"https:\/\/www.bastero.eus\/es\/orratz-begia-andoaingo-haurrak-erbestean-erakusketa-martxoaren-27tik-apirilaren-30era-ikusgai\/","og_site_name":"Bastero","article_publisher":"https:\/\/www.facebook.com\/BasteroAndoain\/","article_published_time":"2026-03-30T07:41:01+00:00","article_modified_time":"2026-03-30T07:46:04+00:00","og_image":[{"width":2560,"height":1703,"url":"https:\/\/www.bastero.eus\/wp-content\/uploads\/2026\/03\/Erakusketa-Orratz-begia-2979-22-scaled.jpg","type":"image\/jpeg"}],"author":"bastero","twitter_card":"summary_large_image","twitter_creator":"@Bastero_Andoain","twitter_site":"@Bastero_Andoain","twitter_misc":{"Escrito por":"bastero","Tiempo de lectura":"1 minuto"},"schema":{"@context":"https:\/\/schema.org","@graph":[{"@type":"Article","@id":"https:\/\/www.bastero.eus\/es\/orratz-begia-andoaingo-haurrak-erbestean-erakusketa-martxoaren-27tik-apirilaren-30era-ikusgai\/#article","isPartOf":{"@id":"https:\/\/www.bastero.eus\/es\/orratz-begia-andoaingo-haurrak-erbestean-erakusketa-martxoaren-27tik-apirilaren-30era-ikusgai\/"},"author":{"name":"bastero","@id":"https:\/\/www.bastero.eus\/eu\/#\/schema\/person\/83714b0ddbbfa222235a48467a110fae"},"headline":"La exposici\u00f3n \u00abOrratz-Begia &#8211; Los ni\u00f1os de Andoain en el exilio\u00bb se exhibe del 27 de marzo al 30 de abril","datePublished":"2026-03-30T07:41:01+00:00","dateModified":"2026-03-30T07:46:04+00:00","mainEntityOfPage":{"@id":"https:\/\/www.bastero.eus\/es\/orratz-begia-andoaingo-haurrak-erbestean-erakusketa-martxoaren-27tik-apirilaren-30era-ikusgai\/"},"wordCount":190,"publisher":{"@id":"https:\/\/www.bastero.eus\/eu\/#organization"},"image":{"@id":"https:\/\/www.bastero.eus\/es\/orratz-begia-andoaingo-haurrak-erbestean-erakusketa-martxoaren-27tik-apirilaren-30era-ikusgai\/#primaryimage"},"thumbnailUrl":"https:\/\/www.bastero.eus\/wp-content\/uploads\/2026\/03\/Erakusketa-Orratz-begia-2979-22-scaled.jpg","articleSection":["Noticias"],"inLanguage":"es"},{"@type":"WebPage","@id":"https:\/\/www.bastero.eus\/es\/orratz-begia-andoaingo-haurrak-erbestean-erakusketa-martxoaren-27tik-apirilaren-30era-ikusgai\/","url":"https:\/\/www.bastero.eus\/es\/orratz-begia-andoaingo-haurrak-erbestean-erakusketa-martxoaren-27tik-apirilaren-30era-ikusgai\/","name":"La exposici\u00f3n \"Orratz-Begia - Los ni\u00f1os de Andoain en el exilio\" se exhibe del 27 de marzo al 30 de abril - Bastero","isPartOf":{"@id":"https:\/\/www.bastero.eus\/eu\/#website"},"primaryImageOfPage":{"@id":"https:\/\/www.bastero.eus\/es\/orratz-begia-andoaingo-haurrak-erbestean-erakusketa-martxoaren-27tik-apirilaren-30era-ikusgai\/#primaryimage"},"image":{"@id":"https:\/\/www.bastero.eus\/es\/orratz-begia-andoaingo-haurrak-erbestean-erakusketa-martxoaren-27tik-apirilaren-30era-ikusgai\/#primaryimage"},"thumbnailUrl":"https:\/\/www.bastero.eus\/wp-content\/uploads\/2026\/03\/Erakusketa-Orratz-begia-2979-22-scaled.jpg","datePublished":"2026-03-30T07:41:01+00:00","dateModified":"2026-03-30T07:46:04+00:00","breadcrumb":{"@id":"https:\/\/www.bastero.eus\/es\/orratz-begia-andoaingo-haurrak-erbestean-erakusketa-martxoaren-27tik-apirilaren-30era-ikusgai\/#breadcrumb"},"inLanguage":"es","potentialAction":[{"@type":"ReadAction","target":["https:\/\/www.bastero.eus\/es\/orratz-begia-andoaingo-haurrak-erbestean-erakusketa-martxoaren-27tik-apirilaren-30era-ikusgai\/"]}]},{"@type":"ImageObject","inLanguage":"es","@id":"https:\/\/www.bastero.eus\/es\/orratz-begia-andoaingo-haurrak-erbestean-erakusketa-martxoaren-27tik-apirilaren-30era-ikusgai\/#primaryimage","url":"https:\/\/www.bastero.eus\/wp-content\/uploads\/2026\/03\/Erakusketa-Orratz-begia-2979-22-scaled.jpg","contentUrl":"https:\/\/www.bastero.eus\/wp-content\/uploads\/2026\/03\/Erakusketa-Orratz-begia-2979-22-scaled.jpg","width":2560,"height":1703,"caption":"Erakusketa - Orratz begia , Andoain-en (Gipuzkoa-Euskal Herria) 2026\/3\/27 , Bastero Kulturgunea."},{"@type":"BreadcrumbList","@id":"https:\/\/www.bastero.eus\/es\/orratz-begia-andoaingo-haurrak-erbestean-erakusketa-martxoaren-27tik-apirilaren-30era-ikusgai\/#breadcrumb","itemListElement":[{"@type":"ListItem","position":1,"name":"Portada","item":"https:\/\/www.bastero.eus\/es\/"},{"@type":"ListItem","position":2,"name":"La exposici\u00f3n \u00abOrratz-Begia &#8211; Los ni\u00f1os de Andoain en el exilio\u00bb se exhibe del 27 de marzo al 30 de abril"}]},{"@type":"WebSite","@id":"https:\/\/www.bastero.eus\/eu\/#website","url":"https:\/\/www.bastero.eus\/eu\/","name":"Bastero Kulturgunea","description":"Andoaingo kultur gunea","publisher":{"@id":"https:\/\/www.bastero.eus\/eu\/#organization"},"potentialAction":[{"@type":"SearchAction","target":{"@type":"EntryPoint","urlTemplate":"https:\/\/www.bastero.eus\/eu\/?s={search_term_string}"},"query-input":{"@type":"PropertyValueSpecification","valueRequired":true,"valueName":"search_term_string"}}],"inLanguage":"es"},{"@type":"Organization","@id":"https:\/\/www.bastero.eus\/eu\/#organization","name":"Bastero Kulturgunea","url":"https:\/\/www.bastero.eus\/eu\/","logo":{"@type":"ImageObject","inLanguage":"es","@id":"https:\/\/www.bastero.eus\/eu\/#\/schema\/logo\/image\/","url":"https:\/\/www.bastero.eus\/wp-content\/uploads\/2017\/10\/bastero.jpg","contentUrl":"https:\/\/www.bastero.eus\/wp-content\/uploads\/2017\/10\/bastero.jpg","width":350,"height":278,"caption":"Bastero Kulturgunea"},"image":{"@id":"https:\/\/www.bastero.eus\/eu\/#\/schema\/logo\/image\/"},"sameAs":["https:\/\/www.facebook.com\/BasteroAndoain\/","https:\/\/x.com\/Bastero_Andoain"]},{"@type":"Person","@id":"https:\/\/www.bastero.eus\/eu\/#\/schema\/person\/83714b0ddbbfa222235a48467a110fae","name":"bastero","image":{"@type":"ImageObject","inLanguage":"es","@id":"https:\/\/www.bastero.eus\/eu\/#\/schema\/person\/image\/","url":"https:\/\/secure.gravatar.com\/avatar\/7b255d2762540c1f79e54222d0322f058be08b2b87be6ed7b91407b3ac9948c5?s=96&d=mm&r=g","contentUrl":"https:\/\/secure.gravatar.com\/avatar\/7b255d2762540c1f79e54222d0322f058be08b2b87be6ed7b91407b3ac9948c5?s=96&d=mm&r=g","caption":"bastero"}}]}},"_links":{"self":[{"href":"https:\/\/www.bastero.eus\/es\/wp-json\/wp\/v2\/posts\/14611","targetHints":{"allow":["GET"]}}],"collection":[{"href":"https:\/\/www.bastero.eus\/es\/wp-json\/wp\/v2\/posts"}],"about":[{"href":"https:\/\/www.bastero.eus\/es\/wp-json\/wp\/v2\/types\/post"}],"author":[{"embeddable":true,"href":"https:\/\/www.bastero.eus\/es\/wp-json\/wp\/v2\/users\/2"}],"replies":[{"embeddable":true,"href":"https:\/\/www.bastero.eus\/es\/wp-json\/wp\/v2\/comments?post=14611"}],"version-history":[{"count":2,"href":"https:\/\/www.bastero.eus\/es\/wp-json\/wp\/v2\/posts\/14611\/revisions"}],"predecessor-version":[{"id":14613,"href":"https:\/\/www.bastero.eus\/es\/wp-json\/wp\/v2\/posts\/14611\/revisions\/14613"}],"wp:featuredmedia":[{"embeddable":true,"href":"https:\/\/www.bastero.eus\/es\/wp-json\/wp\/v2\/media\/14606"}],"wp:attachment":[{"href":"https:\/\/www.bastero.eus\/es\/wp-json\/wp\/v2\/media?parent=14611"}],"wp:term":[{"taxonomy":"category","embeddable":true,"href":"https:\/\/www.bastero.eus\/es\/wp-json\/wp\/v2\/categories?post=14611"},{"taxonomy":"post_tag","embeddable":true,"href":"https:\/\/www.bastero.eus\/es\/wp-json\/wp\/v2\/tags?post=14611"}],"curies":[{"name":"wp","href":"https:\/\/api.w.org\/{rel}","templated":true}]}}