{"id":10137,"date":"2023-03-09T23:12:53","date_gmt":"2023-03-09T21:12:53","guid":{"rendered":"https:\/\/www.bastero.eus\/?p=10137"},"modified":"2023-03-29T23:14:56","modified_gmt":"2023-03-29T21:14:56","slug":"la-artista-alicia-martin-refleja-la-regeneracion-ciclica-de-la-naturaleza-en-las-pinturas-que-expone-en-bastero","status":"publish","type":"post","link":"https:\/\/www.bastero.eus\/es\/la-artista-alicia-martin-refleja-la-regeneracion-ciclica-de-la-naturaleza-en-las-pinturas-que-expone-en-bastero\/","title":{"rendered":"La artista Alicia Mart\u00edn refleja la regeneraci\u00f3n c\u00edclica de la naturaleza en las pinturas que expone en Bastero"},"content":{"rendered":"<h2 style=\"font-weight: 400;\"><strong>La creadora ha asistido esta tarde a la inauguraci\u00f3n de la exposici\u00f3n, donde ha dado explicaciones de primera mano sobre su proceso creativo. La muestra se podr\u00e1 visitar hasta el 5 de abril en su horario habitual.<\/strong><\/h2>\n<p style=\"font-weight: 400;\">La exposici\u00f3n de la artista Alicia Mart\u00edn L\u00f3pez (Plasencia, 1982) se podr\u00e1 visitar en la sala de exposiciones del centro cultural Bastero del 9 de marzo al 5 de abril. En esta colecci\u00f3n, titulada El juego infinito, la creadora ha recopilado pinturas de gran formato inspiradas en la naturaleza y sus ciclos. Precisamente, la propia artista ha asistido hoy a la inauguraci\u00f3n, y a trav\u00e9s de sus palabras y explicaciones las personas asistentes han podido conocer de cerca su proceso creativo. La iniciativa est\u00e1 promovida por la Plataforma Katapulta, con la colaboraci\u00f3n de Bastero Kulturgunea y la colaboraci\u00f3n de la Fundaci\u00f3n Kutxa.<\/p>\n<p style=\"font-weight: 400;\"><em>El juego infinito <\/em>parte del lenguaje de la abstracci\u00f3n y de la investigaci\u00f3n del comportamiento de la materia para reflejar estructuras que evocan las din\u00e1micas propias del mundo natural y sus ciclos continuos de extinci\u00f3n y regeneraci\u00f3n. Mart\u00edn aprovecha las posibilidades de juego que ofrecen las formas org\u00e1nicas; de ah\u00ed el nombre de la colecci\u00f3n e invita a que el propio espectador se sumerja en \u00e9l.<\/p>\n<p style=\"font-weight: 400;\">En el acto de apertura de la exposici\u00f3n, la concejala de Educaci\u00f3n y Cultura, Txitxu Ruiz, y en representaci\u00f3n del Ayuntamiento de Andoain, ha agradecido a Alicia la oportunidad de dar a conocer de su extensa obra en la sala de Bastero. Precisamente, la apertura de la nueva muestra coincide con la celebraci\u00f3n del D\u00eda Internacional de la Mujer, con lo que se ha querido \u201cponer en valor el trabajo de las creadoras y artistas\u201d. La muestra presenta pinturas de t\u00e9cnica y ejecuci\u00f3n trabajada que, en palabras de Ruiz, crean una interacci\u00f3n con el espectador: \u201cAlicia es una artista visual, representa las din\u00e1micas de la naturaleza, recogiendo el comportamiento y las transformaciones de las diferentes materias\u201d. La concejala ha agradecido tambi\u00e9n, en nombre del equipo del centro cultural Bastero, la colaboraci\u00f3n que se mantiene con la plataforma Katapulta \u201cpor ofrecer oportunidades al nuevo talento de nuestro entorno\u201d.<\/p>\n<p style=\"font-weight: 400;\">Alicia Mart\u00edn L\u00f3pez realiz\u00f3 el M\u00e1ster en Bellas Artes en pintura digital y tradicional en la School of Visual Arts de Nueva York. Ha expuesto en solitario en Donostia, Eibar, Madrid, Plasencia, y Andoain, entre otros. Tambi\u00e9n ha mostrado su trabajo en exposiciones colectivas en varias galer\u00edas de Nueva York, Nueva Jersey, San Francisco y Madrid. Entre las ayudas y reconocimientos que ha recibido figuran la Beca Fulbright para cursar estudios de m\u00e1ster en Estados Unidos y el Paula Rhodes Memorial Award en la School of Visual Arts de Nueva York. Desde 2018 vive y trabaja en la capital guipuzcoana.<\/p>\n<p style=\"font-weight: 400;\">La exposici\u00f3n se abrir\u00e1 en el horario habitual (de lunes a viernes de 18:30 a 20:00 horas). S\u00e1bados de 10:30 a 13:30 y de 18:00 a 20:30. Los domingos la sala permanecer\u00e1 cerrada.<\/p>\n","protected":false},"excerpt":{"rendered":"<p>La creadora ha asistido esta tarde a la inauguraci\u00f3n de la exposici\u00f3n, donde ha dado explicaciones de primera mano sobre su proceso creativo. La muestra se podr\u00e1 visitar hasta el 5 de abril en su horario habitual.<\/p>\n","protected":false},"author":2,"featured_media":10139,"comment_status":"open","ping_status":"open","sticky":false,"template":"","format":"standard","meta":{"_acf_changed":false,"_et_pb_use_builder":"","_et_pb_old_content":"","_et_gb_content_width":"","footnotes":""},"categories":[17],"tags":[],"class_list":["post-10137","post","type-post","status-publish","format-standard","has-post-thumbnail","hentry","category-cat-noticias"],"acf":[],"yoast_head":"<!-- This site is optimized with the Yoast SEO plugin v26.6 - https:\/\/yoast.com\/wordpress\/plugins\/seo\/ -->\n<title>La artista Alicia Mart\u00edn refleja la regeneraci\u00f3n c\u00edclica de la naturaleza en las pinturas que expone en Bastero - Bastero<\/title>\n<meta name=\"description\" content=\"La creadora ha asistido esta tarde a la inauguraci\u00f3n de la exposici\u00f3n, donde ha dado explicaciones de primera mano sobre su proceso creativo. La muestra se podr\u00e1 visitar hasta el 5 de abril en su horario habitual.\" \/>\n<meta name=\"robots\" content=\"index, follow, max-snippet:-1, max-image-preview:large, max-video-preview:-1\" \/>\n<link rel=\"canonical\" href=\"https:\/\/www.bastero.eus\/es\/la-artista-alicia-martin-refleja-la-regeneracion-ciclica-de-la-naturaleza-en-las-pinturas-que-expone-en-bastero\/\" \/>\n<meta property=\"og:locale\" content=\"es_ES\" \/>\n<meta property=\"og:type\" content=\"article\" \/>\n<meta property=\"og:title\" content=\"La artista Alicia Mart\u00edn refleja la regeneraci\u00f3n c\u00edclica de la naturaleza en las pinturas que expone en Bastero - Bastero\" \/>\n<meta property=\"og:description\" content=\"La creadora ha asistido esta tarde a la inauguraci\u00f3n de la exposici\u00f3n, donde ha dado explicaciones de primera mano sobre su proceso creativo. La muestra se podr\u00e1 visitar hasta el 5 de abril en su horario habitual.\" \/>\n<meta property=\"og:url\" content=\"https:\/\/www.bastero.eus\/es\/la-artista-alicia-martin-refleja-la-regeneracion-ciclica-de-la-naturaleza-en-las-pinturas-que-expone-en-bastero\/\" \/>\n<meta property=\"og:site_name\" content=\"Bastero\" \/>\n<meta property=\"article:publisher\" content=\"https:\/\/www.facebook.com\/BasteroAndoain\/\" \/>\n<meta property=\"article:published_time\" content=\"2023-03-09T21:12:53+00:00\" \/>\n<meta property=\"article:modified_time\" content=\"2023-03-29T21:14:56+00:00\" \/>\n<meta property=\"og:image\" content=\"https:\/\/www.bastero.eus\/wp-content\/uploads\/2023\/03\/Joko-amaigabea-4950-5-scaled.jpg\" \/>\n\t<meta property=\"og:image:width\" content=\"2560\" \/>\n\t<meta property=\"og:image:height\" content=\"1707\" \/>\n\t<meta property=\"og:image:type\" content=\"image\/jpeg\" \/>\n<meta name=\"author\" content=\"bastero\" \/>\n<meta name=\"twitter:card\" content=\"summary_large_image\" \/>\n<meta name=\"twitter:creator\" content=\"@Bastero_Andoain\" \/>\n<meta name=\"twitter:site\" content=\"@Bastero_Andoain\" \/>\n<meta name=\"twitter:label1\" content=\"Escrito por\" \/>\n\t<meta name=\"twitter:data1\" content=\"bastero\" \/>\n\t<meta name=\"twitter:label2\" content=\"Tiempo de lectura\" \/>\n\t<meta name=\"twitter:data2\" content=\"3 minutos\" \/>\n<script type=\"application\/ld+json\" class=\"yoast-schema-graph\">{\"@context\":\"https:\/\/schema.org\",\"@graph\":[{\"@type\":\"Article\",\"@id\":\"https:\/\/www.bastero.eus\/es\/la-artista-alicia-martin-refleja-la-regeneracion-ciclica-de-la-naturaleza-en-las-pinturas-que-expone-en-bastero\/#article\",\"isPartOf\":{\"@id\":\"https:\/\/www.bastero.eus\/es\/la-artista-alicia-martin-refleja-la-regeneracion-ciclica-de-la-naturaleza-en-las-pinturas-que-expone-en-bastero\/\"},\"author\":{\"name\":\"bastero\",\"@id\":\"https:\/\/www.bastero.eus\/eu\/#\/schema\/person\/83714b0ddbbfa222235a48467a110fae\"},\"headline\":\"La artista Alicia Mart\u00edn refleja la regeneraci\u00f3n c\u00edclica de la naturaleza en las pinturas que expone en Bastero\",\"datePublished\":\"2023-03-09T21:12:53+00:00\",\"dateModified\":\"2023-03-29T21:14:56+00:00\",\"mainEntityOfPage\":{\"@id\":\"https:\/\/www.bastero.eus\/es\/la-artista-alicia-martin-refleja-la-regeneracion-ciclica-de-la-naturaleza-en-las-pinturas-que-expone-en-bastero\/\"},\"wordCount\":533,\"commentCount\":0,\"publisher\":{\"@id\":\"https:\/\/www.bastero.eus\/eu\/#organization\"},\"image\":{\"@id\":\"https:\/\/www.bastero.eus\/es\/la-artista-alicia-martin-refleja-la-regeneracion-ciclica-de-la-naturaleza-en-las-pinturas-que-expone-en-bastero\/#primaryimage\"},\"thumbnailUrl\":\"https:\/\/www.bastero.eus\/wp-content\/uploads\/2023\/03\/Joko-amaigabea-4950-5-scaled.jpg\",\"articleSection\":[\"Noticias\"],\"inLanguage\":\"es\",\"potentialAction\":[{\"@type\":\"CommentAction\",\"name\":\"Comment\",\"target\":[\"https:\/\/www.bastero.eus\/es\/la-artista-alicia-martin-refleja-la-regeneracion-ciclica-de-la-naturaleza-en-las-pinturas-que-expone-en-bastero\/#respond\"]}]},{\"@type\":\"WebPage\",\"@id\":\"https:\/\/www.bastero.eus\/es\/la-artista-alicia-martin-refleja-la-regeneracion-ciclica-de-la-naturaleza-en-las-pinturas-que-expone-en-bastero\/\",\"url\":\"https:\/\/www.bastero.eus\/es\/la-artista-alicia-martin-refleja-la-regeneracion-ciclica-de-la-naturaleza-en-las-pinturas-que-expone-en-bastero\/\",\"name\":\"La artista Alicia Mart\u00edn refleja la regeneraci\u00f3n c\u00edclica de la naturaleza en las pinturas que expone en Bastero - Bastero\",\"isPartOf\":{\"@id\":\"https:\/\/www.bastero.eus\/eu\/#website\"},\"primaryImageOfPage\":{\"@id\":\"https:\/\/www.bastero.eus\/es\/la-artista-alicia-martin-refleja-la-regeneracion-ciclica-de-la-naturaleza-en-las-pinturas-que-expone-en-bastero\/#primaryimage\"},\"image\":{\"@id\":\"https:\/\/www.bastero.eus\/es\/la-artista-alicia-martin-refleja-la-regeneracion-ciclica-de-la-naturaleza-en-las-pinturas-que-expone-en-bastero\/#primaryimage\"},\"thumbnailUrl\":\"https:\/\/www.bastero.eus\/wp-content\/uploads\/2023\/03\/Joko-amaigabea-4950-5-scaled.jpg\",\"datePublished\":\"2023-03-09T21:12:53+00:00\",\"dateModified\":\"2023-03-29T21:14:56+00:00\",\"description\":\"La creadora ha asistido esta tarde a la inauguraci\u00f3n de la exposici\u00f3n, donde ha dado explicaciones de primera mano sobre su proceso creativo. La muestra se podr\u00e1 visitar hasta el 5 de abril en su horario habitual.\",\"breadcrumb\":{\"@id\":\"https:\/\/www.bastero.eus\/es\/la-artista-alicia-martin-refleja-la-regeneracion-ciclica-de-la-naturaleza-en-las-pinturas-que-expone-en-bastero\/#breadcrumb\"},\"inLanguage\":\"es\",\"potentialAction\":[{\"@type\":\"ReadAction\",\"target\":[\"https:\/\/www.bastero.eus\/es\/la-artista-alicia-martin-refleja-la-regeneracion-ciclica-de-la-naturaleza-en-las-pinturas-que-expone-en-bastero\/\"]}]},{\"@type\":\"ImageObject\",\"inLanguage\":\"es\",\"@id\":\"https:\/\/www.bastero.eus\/es\/la-artista-alicia-martin-refleja-la-regeneracion-ciclica-de-la-naturaleza-en-las-pinturas-que-expone-en-bastero\/#primaryimage\",\"url\":\"https:\/\/www.bastero.eus\/wp-content\/uploads\/2023\/03\/Joko-amaigabea-4950-5-scaled.jpg\",\"contentUrl\":\"https:\/\/www.bastero.eus\/wp-content\/uploads\/2023\/03\/Joko-amaigabea-4950-5-scaled.jpg\",\"width\":2560,\"height\":1707,\"caption\":\"Joko amaigabea, Andoain-en (Gipuzkoa-Euskal Herria) 2023\/3\/9 , Bastero Kulturgunea.\"},{\"@type\":\"BreadcrumbList\",\"@id\":\"https:\/\/www.bastero.eus\/es\/la-artista-alicia-martin-refleja-la-regeneracion-ciclica-de-la-naturaleza-en-las-pinturas-que-expone-en-bastero\/#breadcrumb\",\"itemListElement\":[{\"@type\":\"ListItem\",\"position\":1,\"name\":\"Portada\",\"item\":\"https:\/\/www.bastero.eus\/es\/\"},{\"@type\":\"ListItem\",\"position\":2,\"name\":\"La artista Alicia Mart\u00edn refleja la regeneraci\u00f3n c\u00edclica de la naturaleza en las pinturas que expone en Bastero\"}]},{\"@type\":\"WebSite\",\"@id\":\"https:\/\/www.bastero.eus\/eu\/#website\",\"url\":\"https:\/\/www.bastero.eus\/eu\/\",\"name\":\"Bastero Kulturgunea\",\"description\":\"Andoaingo kultur gunea\",\"publisher\":{\"@id\":\"https:\/\/www.bastero.eus\/eu\/#organization\"},\"potentialAction\":[{\"@type\":\"SearchAction\",\"target\":{\"@type\":\"EntryPoint\",\"urlTemplate\":\"https:\/\/www.bastero.eus\/eu\/?s={search_term_string}\"},\"query-input\":{\"@type\":\"PropertyValueSpecification\",\"valueRequired\":true,\"valueName\":\"search_term_string\"}}],\"inLanguage\":\"es\"},{\"@type\":\"Organization\",\"@id\":\"https:\/\/www.bastero.eus\/eu\/#organization\",\"name\":\"Bastero Kulturgunea\",\"url\":\"https:\/\/www.bastero.eus\/eu\/\",\"logo\":{\"@type\":\"ImageObject\",\"inLanguage\":\"es\",\"@id\":\"https:\/\/www.bastero.eus\/eu\/#\/schema\/logo\/image\/\",\"url\":\"https:\/\/www.bastero.eus\/wp-content\/uploads\/2017\/10\/bastero.jpg\",\"contentUrl\":\"https:\/\/www.bastero.eus\/wp-content\/uploads\/2017\/10\/bastero.jpg\",\"width\":350,\"height\":278,\"caption\":\"Bastero Kulturgunea\"},\"image\":{\"@id\":\"https:\/\/www.bastero.eus\/eu\/#\/schema\/logo\/image\/\"},\"sameAs\":[\"https:\/\/www.facebook.com\/BasteroAndoain\/\",\"https:\/\/x.com\/Bastero_Andoain\"]},{\"@type\":\"Person\",\"@id\":\"https:\/\/www.bastero.eus\/eu\/#\/schema\/person\/83714b0ddbbfa222235a48467a110fae\",\"name\":\"bastero\",\"image\":{\"@type\":\"ImageObject\",\"inLanguage\":\"es\",\"@id\":\"https:\/\/www.bastero.eus\/eu\/#\/schema\/person\/image\/\",\"url\":\"https:\/\/secure.gravatar.com\/avatar\/7b255d2762540c1f79e54222d0322f058be08b2b87be6ed7b91407b3ac9948c5?s=96&d=mm&r=g\",\"contentUrl\":\"https:\/\/secure.gravatar.com\/avatar\/7b255d2762540c1f79e54222d0322f058be08b2b87be6ed7b91407b3ac9948c5?s=96&d=mm&r=g\",\"caption\":\"bastero\"}}]}<\/script>\n<!-- \/ Yoast SEO plugin. -->","yoast_head_json":{"title":"La artista Alicia Mart\u00edn refleja la regeneraci\u00f3n c\u00edclica de la naturaleza en las pinturas que expone en Bastero - Bastero","description":"La creadora ha asistido esta tarde a la inauguraci\u00f3n de la exposici\u00f3n, donde ha dado explicaciones de primera mano sobre su proceso creativo. La muestra se podr\u00e1 visitar hasta el 5 de abril en su horario habitual.","robots":{"index":"index","follow":"follow","max-snippet":"max-snippet:-1","max-image-preview":"max-image-preview:large","max-video-preview":"max-video-preview:-1"},"canonical":"https:\/\/www.bastero.eus\/es\/la-artista-alicia-martin-refleja-la-regeneracion-ciclica-de-la-naturaleza-en-las-pinturas-que-expone-en-bastero\/","og_locale":"es_ES","og_type":"article","og_title":"La artista Alicia Mart\u00edn refleja la regeneraci\u00f3n c\u00edclica de la naturaleza en las pinturas que expone en Bastero - Bastero","og_description":"La creadora ha asistido esta tarde a la inauguraci\u00f3n de la exposici\u00f3n, donde ha dado explicaciones de primera mano sobre su proceso creativo. La muestra se podr\u00e1 visitar hasta el 5 de abril en su horario habitual.","og_url":"https:\/\/www.bastero.eus\/es\/la-artista-alicia-martin-refleja-la-regeneracion-ciclica-de-la-naturaleza-en-las-pinturas-que-expone-en-bastero\/","og_site_name":"Bastero","article_publisher":"https:\/\/www.facebook.com\/BasteroAndoain\/","article_published_time":"2023-03-09T21:12:53+00:00","article_modified_time":"2023-03-29T21:14:56+00:00","og_image":[{"width":2560,"height":1707,"url":"https:\/\/www.bastero.eus\/wp-content\/uploads\/2023\/03\/Joko-amaigabea-4950-5-scaled.jpg","type":"image\/jpeg"}],"author":"bastero","twitter_card":"summary_large_image","twitter_creator":"@Bastero_Andoain","twitter_site":"@Bastero_Andoain","twitter_misc":{"Escrito por":"bastero","Tiempo de lectura":"3 minutos"},"schema":{"@context":"https:\/\/schema.org","@graph":[{"@type":"Article","@id":"https:\/\/www.bastero.eus\/es\/la-artista-alicia-martin-refleja-la-regeneracion-ciclica-de-la-naturaleza-en-las-pinturas-que-expone-en-bastero\/#article","isPartOf":{"@id":"https:\/\/www.bastero.eus\/es\/la-artista-alicia-martin-refleja-la-regeneracion-ciclica-de-la-naturaleza-en-las-pinturas-que-expone-en-bastero\/"},"author":{"name":"bastero","@id":"https:\/\/www.bastero.eus\/eu\/#\/schema\/person\/83714b0ddbbfa222235a48467a110fae"},"headline":"La artista Alicia Mart\u00edn refleja la regeneraci\u00f3n c\u00edclica de la naturaleza en las pinturas que expone en Bastero","datePublished":"2023-03-09T21:12:53+00:00","dateModified":"2023-03-29T21:14:56+00:00","mainEntityOfPage":{"@id":"https:\/\/www.bastero.eus\/es\/la-artista-alicia-martin-refleja-la-regeneracion-ciclica-de-la-naturaleza-en-las-pinturas-que-expone-en-bastero\/"},"wordCount":533,"commentCount":0,"publisher":{"@id":"https:\/\/www.bastero.eus\/eu\/#organization"},"image":{"@id":"https:\/\/www.bastero.eus\/es\/la-artista-alicia-martin-refleja-la-regeneracion-ciclica-de-la-naturaleza-en-las-pinturas-que-expone-en-bastero\/#primaryimage"},"thumbnailUrl":"https:\/\/www.bastero.eus\/wp-content\/uploads\/2023\/03\/Joko-amaigabea-4950-5-scaled.jpg","articleSection":["Noticias"],"inLanguage":"es","potentialAction":[{"@type":"CommentAction","name":"Comment","target":["https:\/\/www.bastero.eus\/es\/la-artista-alicia-martin-refleja-la-regeneracion-ciclica-de-la-naturaleza-en-las-pinturas-que-expone-en-bastero\/#respond"]}]},{"@type":"WebPage","@id":"https:\/\/www.bastero.eus\/es\/la-artista-alicia-martin-refleja-la-regeneracion-ciclica-de-la-naturaleza-en-las-pinturas-que-expone-en-bastero\/","url":"https:\/\/www.bastero.eus\/es\/la-artista-alicia-martin-refleja-la-regeneracion-ciclica-de-la-naturaleza-en-las-pinturas-que-expone-en-bastero\/","name":"La artista Alicia Mart\u00edn refleja la regeneraci\u00f3n c\u00edclica de la naturaleza en las pinturas que expone en Bastero - Bastero","isPartOf":{"@id":"https:\/\/www.bastero.eus\/eu\/#website"},"primaryImageOfPage":{"@id":"https:\/\/www.bastero.eus\/es\/la-artista-alicia-martin-refleja-la-regeneracion-ciclica-de-la-naturaleza-en-las-pinturas-que-expone-en-bastero\/#primaryimage"},"image":{"@id":"https:\/\/www.bastero.eus\/es\/la-artista-alicia-martin-refleja-la-regeneracion-ciclica-de-la-naturaleza-en-las-pinturas-que-expone-en-bastero\/#primaryimage"},"thumbnailUrl":"https:\/\/www.bastero.eus\/wp-content\/uploads\/2023\/03\/Joko-amaigabea-4950-5-scaled.jpg","datePublished":"2023-03-09T21:12:53+00:00","dateModified":"2023-03-29T21:14:56+00:00","description":"La creadora ha asistido esta tarde a la inauguraci\u00f3n de la exposici\u00f3n, donde ha dado explicaciones de primera mano sobre su proceso creativo. La muestra se podr\u00e1 visitar hasta el 5 de abril en su horario habitual.","breadcrumb":{"@id":"https:\/\/www.bastero.eus\/es\/la-artista-alicia-martin-refleja-la-regeneracion-ciclica-de-la-naturaleza-en-las-pinturas-que-expone-en-bastero\/#breadcrumb"},"inLanguage":"es","potentialAction":[{"@type":"ReadAction","target":["https:\/\/www.bastero.eus\/es\/la-artista-alicia-martin-refleja-la-regeneracion-ciclica-de-la-naturaleza-en-las-pinturas-que-expone-en-bastero\/"]}]},{"@type":"ImageObject","inLanguage":"es","@id":"https:\/\/www.bastero.eus\/es\/la-artista-alicia-martin-refleja-la-regeneracion-ciclica-de-la-naturaleza-en-las-pinturas-que-expone-en-bastero\/#primaryimage","url":"https:\/\/www.bastero.eus\/wp-content\/uploads\/2023\/03\/Joko-amaigabea-4950-5-scaled.jpg","contentUrl":"https:\/\/www.bastero.eus\/wp-content\/uploads\/2023\/03\/Joko-amaigabea-4950-5-scaled.jpg","width":2560,"height":1707,"caption":"Joko amaigabea, Andoain-en (Gipuzkoa-Euskal Herria) 2023\/3\/9 , Bastero Kulturgunea."},{"@type":"BreadcrumbList","@id":"https:\/\/www.bastero.eus\/es\/la-artista-alicia-martin-refleja-la-regeneracion-ciclica-de-la-naturaleza-en-las-pinturas-que-expone-en-bastero\/#breadcrumb","itemListElement":[{"@type":"ListItem","position":1,"name":"Portada","item":"https:\/\/www.bastero.eus\/es\/"},{"@type":"ListItem","position":2,"name":"La artista Alicia Mart\u00edn refleja la regeneraci\u00f3n c\u00edclica de la naturaleza en las pinturas que expone en Bastero"}]},{"@type":"WebSite","@id":"https:\/\/www.bastero.eus\/eu\/#website","url":"https:\/\/www.bastero.eus\/eu\/","name":"Bastero Kulturgunea","description":"Andoaingo kultur gunea","publisher":{"@id":"https:\/\/www.bastero.eus\/eu\/#organization"},"potentialAction":[{"@type":"SearchAction","target":{"@type":"EntryPoint","urlTemplate":"https:\/\/www.bastero.eus\/eu\/?s={search_term_string}"},"query-input":{"@type":"PropertyValueSpecification","valueRequired":true,"valueName":"search_term_string"}}],"inLanguage":"es"},{"@type":"Organization","@id":"https:\/\/www.bastero.eus\/eu\/#organization","name":"Bastero Kulturgunea","url":"https:\/\/www.bastero.eus\/eu\/","logo":{"@type":"ImageObject","inLanguage":"es","@id":"https:\/\/www.bastero.eus\/eu\/#\/schema\/logo\/image\/","url":"https:\/\/www.bastero.eus\/wp-content\/uploads\/2017\/10\/bastero.jpg","contentUrl":"https:\/\/www.bastero.eus\/wp-content\/uploads\/2017\/10\/bastero.jpg","width":350,"height":278,"caption":"Bastero Kulturgunea"},"image":{"@id":"https:\/\/www.bastero.eus\/eu\/#\/schema\/logo\/image\/"},"sameAs":["https:\/\/www.facebook.com\/BasteroAndoain\/","https:\/\/x.com\/Bastero_Andoain"]},{"@type":"Person","@id":"https:\/\/www.bastero.eus\/eu\/#\/schema\/person\/83714b0ddbbfa222235a48467a110fae","name":"bastero","image":{"@type":"ImageObject","inLanguage":"es","@id":"https:\/\/www.bastero.eus\/eu\/#\/schema\/person\/image\/","url":"https:\/\/secure.gravatar.com\/avatar\/7b255d2762540c1f79e54222d0322f058be08b2b87be6ed7b91407b3ac9948c5?s=96&d=mm&r=g","contentUrl":"https:\/\/secure.gravatar.com\/avatar\/7b255d2762540c1f79e54222d0322f058be08b2b87be6ed7b91407b3ac9948c5?s=96&d=mm&r=g","caption":"bastero"}}]}},"_links":{"self":[{"href":"https:\/\/www.bastero.eus\/es\/wp-json\/wp\/v2\/posts\/10137","targetHints":{"allow":["GET"]}}],"collection":[{"href":"https:\/\/www.bastero.eus\/es\/wp-json\/wp\/v2\/posts"}],"about":[{"href":"https:\/\/www.bastero.eus\/es\/wp-json\/wp\/v2\/types\/post"}],"author":[{"embeddable":true,"href":"https:\/\/www.bastero.eus\/es\/wp-json\/wp\/v2\/users\/2"}],"replies":[{"embeddable":true,"href":"https:\/\/www.bastero.eus\/es\/wp-json\/wp\/v2\/comments?post=10137"}],"version-history":[{"count":1,"href":"https:\/\/www.bastero.eus\/es\/wp-json\/wp\/v2\/posts\/10137\/revisions"}],"predecessor-version":[{"id":10141,"href":"https:\/\/www.bastero.eus\/es\/wp-json\/wp\/v2\/posts\/10137\/revisions\/10141"}],"wp:featuredmedia":[{"embeddable":true,"href":"https:\/\/www.bastero.eus\/es\/wp-json\/wp\/v2\/media\/10139"}],"wp:attachment":[{"href":"https:\/\/www.bastero.eus\/es\/wp-json\/wp\/v2\/media?parent=10137"}],"wp:term":[{"taxonomy":"category","embeddable":true,"href":"https:\/\/www.bastero.eus\/es\/wp-json\/wp\/v2\/categories?post=10137"},{"taxonomy":"post_tag","embeddable":true,"href":"https:\/\/www.bastero.eus\/es\/wp-json\/wp\/v2\/tags?post=10137"}],"curies":[{"name":"wp","href":"https:\/\/api.w.org\/{rel}","templated":true}]}}